{"id":999,"date":"2026-04-10T16:23:30","date_gmt":"2026-04-10T22:23:30","guid":{"rendered":"https:\/\/eldiariorepublicamx.com\/?p=999"},"modified":"2026-04-10T19:03:31","modified_gmt":"2026-04-11T01:03:31","slug":"mexico-recupera-su-fuerza-ante-el-mundo-gracias-a-la-buena-politica-economica-de-esta-administracion","status":"publish","type":"post","link":"https:\/\/eldiariorepublicamx.com\/?p=999","title":{"rendered":"M\u00e9xico recupera su fuerza ante el mundo gracias a la buena pol\u00edtica econ\u00f3mica de esta administraci\u00f3n.\u00a0"},"content":{"rendered":"\n<p>Gracias a pol\u00edtica econ\u00f3mica de Primero los Pobres M\u00e9xico pas\u00f3 del <strong>lugar 25 al 19<\/strong> en el <strong>\u00cdndice de Confianza de Inversi\u00f3n Extranjera Directa 2026<\/strong> de Kearney, subiendo del \u00faltimo pelda\u00f1o del ranking y coloc\u00e1ndose entre las 20 econom\u00edas m\u00e1s atractivas del planeta para invertir.&nbsp;<\/p>\n\n\n\n<p>El \u00edndice, que encuesta a m\u00e1s de 500 grandes ejecutivos globales, ubica a M\u00e9xico y Singapur como los dos pa\u00edses con mayor avance en todo el mundo durante este ciclo. Un resultado que es la consecuencia directa de las pol\u00edticas que nuestra presidenta ha impulsado para poner a M\u00e9xico en el lugar que merece.<\/p>\n\n\n\n<p><strong>Las decisiones detr\u00e1s del avance<\/strong><\/p>\n\n\n\n<p>El salto de seis posiciones se debe a que la presidenta Sheinbaum impuls\u00f3 en 2025 la <strong>Ley para Eliminar Tr\u00e1mites Burocr\u00e1ticos<\/strong>, reduciendo las barreras administrativas que hist\u00f3ricamente frenaban la llegada de inversi\u00f3n.&nbsp;<\/p>\n\n\n\n<p>Adem\u00e1s, el <strong>Plan M\u00e9xico<\/strong>, con sus incentivos fiscales y esquemas de manufactura, posicion\u00f3 al pa\u00eds como un destino competitivo para empresas que buscan establecerse en Am\u00e9rica del Norte, aprovechando las tendencias globales de <strong>nearshoring<\/strong> y la integraci\u00f3n regional con el <strong>T-MEC<\/strong>.&nbsp;<\/p>\n\n\n\n<p>El <strong>peso mexicano<\/strong> se ha mantenido fuerte y la <strong>inflaci\u00f3n estable<\/strong>, factores que refuerzan la confianza de los capitales internacionales en la econom\u00eda mexicana.<\/p>\n\n\n\n<p>El contundente mensaje que llega desde afuera es que el 31% de los inversionistas globales destaca la <strong>facilidad para hacer negocios<\/strong> en M\u00e9xico; el 28% valora el <strong>talento y la fuerza laboral<\/strong>; y el 20% reconoce expl\u00edcitamente la <strong>transparencia del Gobierno<\/strong>. M\u00e9xico tambi\u00e9n se consolida como el <strong>tercer mejor pa\u00eds del mundo en talento y fuerza laboral<\/strong>, dentro del propio ranking.<\/p>\n\n\n\n<p><strong>Un momento hist\u00f3rico para la econom\u00eda mexicana<\/strong><\/p>\n\n\n\n<p>En 2025, M\u00e9xico recibi\u00f3 <strong>40,870 millones de d\u00f3lares<\/strong> en inversi\u00f3n extranjera directa, el segundo monto m\u00e1s alto de su historia. Hoy, el pa\u00eds est\u00e1 en el <strong>lugar 19 del ranking mundial<\/strong> y es el <strong>quinto mejor mercado emergente<\/strong> a nivel global, superando a India, Malasia y Tailandia.<\/p>\n\n\n\n<p>M\u00e1s inversi\u00f3n significa m\u00e1s empleos, m\u00e1s plantas productivas y m\u00e1s oportunidades reales para las familias mexicanas. El trabajo de la presidenta Sheinbaum est\u00e1 dando resultados que <strong>se miden, se publican y se reconocen en todo el mundo<\/strong>.<\/p>\n","protected":false},"excerpt":{"rendered":"<p>Gracias a pol\u00edtica econ\u00f3mica de Primero los Pobres M\u00e9xico pas\u00f3 del lugar 25 al 19 en el \u00cdndice de Confianza de Inversi\u00f3n Extranjera Directa 2026&hellip;<\/p>\n","protected":false},"author":5,"featured_media":1002,"comment_status":"open","ping_status":"open","sticky":false,"template":"","format":"standard","meta":{"footnotes":""},"categories":[252],"tags":[13,96,45,18,288],"class_list":["post-999","post","type-post","status-publish","format-standard","has-post-thumbnail","hentry","category-agenda-nacional","tag-claudia-sheinbaum","tag-gobierno-federal","tag-mexico","tag-morena","tag-sheinbaum"],"_links":{"self":[{"href":"https:\/\/eldiariorepublicamx.com\/index.php?rest_route=\/wp\/v2\/posts\/999","targetHints":{"allow":["GET"]}}],"collection":[{"href":"https:\/\/eldiariorepublicamx.com\/index.php?rest_route=\/wp\/v2\/posts"}],"about":[{"href":"https:\/\/eldiariorepublicamx.com\/index.php?rest_route=\/wp\/v2\/types\/post"}],"author":[{"embeddable":true,"href":"https:\/\/eldiariorepublicamx.com\/index.php?rest_route=\/wp\/v2\/users\/5"}],"replies":[{"embeddable":true,"href":"https:\/\/eldiariorepublicamx.com\/index.php?rest_route=%2Fwp%2Fv2%2Fcomments&post=999"}],"version-history":[{"count":1,"href":"https:\/\/eldiariorepublicamx.com\/index.php?rest_route=\/wp\/v2\/posts\/999\/revisions"}],"predecessor-version":[{"id":1001,"href":"https:\/\/eldiariorepublicamx.com\/index.php?rest_route=\/wp\/v2\/posts\/999\/revisions\/1001"}],"wp:featuredmedia":[{"embeddable":true,"href":"https:\/\/eldiariorepublicamx.com\/index.php?rest_route=\/wp\/v2\/media\/1002"}],"wp:attachment":[{"href":"https:\/\/eldiariorepublicamx.com\/index.php?rest_route=%2Fwp%2Fv2%2Fmedia&parent=999"}],"wp:term":[{"taxonomy":"category","embeddable":true,"href":"https:\/\/eldiariorepublicamx.com\/index.php?rest_route=%2Fwp%2Fv2%2Fcategories&post=999"},{"taxonomy":"post_tag","embeddable":true,"href":"https:\/\/eldiariorepublicamx.com\/index.php?rest_route=%2Fwp%2Fv2%2Ftags&post=999"}],"curies":[{"name":"wp","href":"https:\/\/api.w.org\/{rel}","templated":true}]}}