{"id":984,"date":"2026-04-10T10:47:08","date_gmt":"2026-04-10T16:47:08","guid":{"rendered":"https:\/\/eldiariorepublicamx.com\/?p=984"},"modified":"2026-04-10T11:21:11","modified_gmt":"2026-04-10T17:21:11","slug":"en-la-mananera-rosa-icela-anuncia-avance-del-46-en-la-construccion-de-canchas-del-mundial-social","status":"publish","type":"post","link":"https:\/\/eldiariorepublicamx.com\/?p=984","title":{"rendered":"En la ma\u00f1anera, Rosa Icela anuncia avance del 46% en la construcci\u00f3n de canchas del Mundial Social"},"content":{"rendered":"\n<p>Durante la conferencia matutina de este jueves, la secretaria de Gobernaci\u00f3n, Rosa Icela Rodr\u00edguez, report\u00f3 que el programa &#8216;Mundial Social&#8217; asociado a la Copa del Mundo FIFA 2026 registra un avance del 46% en la intervenci\u00f3n de espacios deportivos, con 1,828 canchas ya trabajadas de un total de 3,979 comprometidas a nivel nacional.<\/p>\n\n\n\n<h3 class=\"wp-block-heading\">Detalles del programa y avance por entidades<\/h3>\n\n\n\n<p>La iniciativa, presentada en la ma\u00f1anera del 8 de abril, busca construir, rehabilitar y mejorar canchas en los 32 estados del pa\u00eds como parte de una estrategia para democratizar el acceso al deporte y dejar un legado social duradero m\u00e1s all\u00e1 de las ciudades sede del evento mundialista.<\/p>\n\n\n\n<p>Seg\u00fan el informe, varias entidades han superado ampliamente sus metas, destacando San Luis Potos\u00ed con un 500% de avance, Quintana Roo con 230%, Yucat\u00e1n con 121% y Chihuahua con 114%. Estados como Colima, Estado de M\u00e9xico, Quer\u00e9taro, Sonora, Tabasco y Zacatecas ya cumplieron el 100% de sus compromisos.<\/p>\n\n\n\n<h3 class=\"wp-block-heading\">Retos pendientes y componente cultural<\/h3>\n\n\n\n<p>En contraste, el reporte identifica a algunas entidades con rezago significativo, como Jalisco y Morelos, ambos con apenas un 4% de avance, Chiapas con 7% y Tamaulipas con 9%, lo que representa un desaf\u00edo para cumplir el objetivo nacional antes de 2026.<\/p>\n\n\n\n<p>Adem\u00e1s de la infraestructura deportiva, el programa incluye la creaci\u00f3n de murales comunitarios alusivos al Mundial, integrando un componente cultural que busca reforzar la identidad social y el sentido de pertenencia en torno al evento internacional.<\/p>\n\n\n\n<h3 class=\"wp-block-heading\">Objetivo de impacto nacional<\/h3>\n\n\n\n<p>El planteamiento del &#8216;Mundial Social&#8217; es que la Copa Mundial 2026 no se limite a los estadios, sino que su impacto se extienda a barrios, colonias y comunidades de todo M\u00e9xico, fortaleciendo el tejido social mediante el deporte y generando espacios de convivencia para ni\u00f1os y j\u00f3venes.<\/p>\n\n\n\n<p>Con este enfoque, el gobierno federal busca que el torneo tenga un alcance nacional, llevando actividades deportivas y culturales a todo el territorio mexicano.<\/p>\n\n\n\n<p><\/p>\n","protected":false},"excerpt":{"rendered":"<p>Durante la conferencia matutina de este jueves, la secretaria de Gobernaci\u00f3n, Rosa Icela Rodr\u00edguez, report\u00f3 que el programa &#8216;Mundial Social&#8217; asociado a la Copa del&hellip;<\/p>\n","protected":false},"author":3,"featured_media":985,"comment_status":"open","ping_status":"open","sticky":false,"template":"","format":"standard","meta":{"footnotes":""},"categories":[251],"tags":[836,859,120,831,19],"class_list":["post-984","post","type-post","status-publish","format-standard","has-post-thumbnail","hentry","category-la-mananera-en-breve","tag-canchas","tag-infraestructura-deportiva","tag-mundial-2026","tag-mundial-social","tag-rosa-icela-rodriguez"],"_links":{"self":[{"href":"https:\/\/eldiariorepublicamx.com\/index.php?rest_route=\/wp\/v2\/posts\/984","targetHints":{"allow":["GET"]}}],"collection":[{"href":"https:\/\/eldiariorepublicamx.com\/index.php?rest_route=\/wp\/v2\/posts"}],"about":[{"href":"https:\/\/eldiariorepublicamx.com\/index.php?rest_route=\/wp\/v2\/types\/post"}],"author":[{"embeddable":true,"href":"https:\/\/eldiariorepublicamx.com\/index.php?rest_route=\/wp\/v2\/users\/3"}],"replies":[{"embeddable":true,"href":"https:\/\/eldiariorepublicamx.com\/index.php?rest_route=%2Fwp%2Fv2%2Fcomments&post=984"}],"version-history":[{"count":1,"href":"https:\/\/eldiariorepublicamx.com\/index.php?rest_route=\/wp\/v2\/posts\/984\/revisions"}],"predecessor-version":[{"id":990,"href":"https:\/\/eldiariorepublicamx.com\/index.php?rest_route=\/wp\/v2\/posts\/984\/revisions\/990"}],"wp:featuredmedia":[{"embeddable":true,"href":"https:\/\/eldiariorepublicamx.com\/index.php?rest_route=\/wp\/v2\/media\/985"}],"wp:attachment":[{"href":"https:\/\/eldiariorepublicamx.com\/index.php?rest_route=%2Fwp%2Fv2%2Fmedia&parent=984"}],"wp:term":[{"taxonomy":"category","embeddable":true,"href":"https:\/\/eldiariorepublicamx.com\/index.php?rest_route=%2Fwp%2Fv2%2Fcategories&post=984"},{"taxonomy":"post_tag","embeddable":true,"href":"https:\/\/eldiariorepublicamx.com\/index.php?rest_route=%2Fwp%2Fv2%2Ftags&post=984"}],"curies":[{"name":"wp","href":"https:\/\/api.w.org\/{rel}","templated":true}]}}