{"id":98,"date":"2026-03-18T12:42:12","date_gmt":"2026-03-18T18:42:12","guid":{"rendered":"https:\/\/eldiariorepublicamx.com\/?p=98"},"modified":"2026-03-18T12:42:12","modified_gmt":"2026-03-18T18:42:12","slug":"suprema-corte-obliga-al-imss-a-reconocer-pension-a-padres-de-trabajadores-fallecidos","status":"publish","type":"post","link":"https:\/\/eldiariorepublicamx.com\/?p=98","title":{"rendered":"Suprema Corte obliga al IMSS a reconocer pensi\u00f3n a padres de trabajadores fallecidos"},"content":{"rendered":"<p>La Suprema Corte de Justicia de la Naci\u00f3n (SCJN) emiti\u00f3 un fallo vinculante que obliga al Instituto Mexicano del Seguro Social (IMSS) a aceptar a miles de nuevos pensionados, tras declarar inconstitucional la exclusi\u00f3n de los padres de trabajadores fallecidos del derecho a recibir pensi\u00f3n por muerte cuando existen otros beneficiarios, como el c\u00f3nyuge o los hijos. El fallo, emitido en julio de 2025, beneficia especialmente a padres adultos mayores o con discapacidad que depend\u00edan econ\u00f3micamente de sus hijos.<\/p>\n<h3>Cambio hist\u00f3rico en el r\u00e9gimen de pensiones<\/h3>\n<p>La Segunda Sala de la Corte resolvi\u00f3 por unanimidad, el 2 de julio de 2025, que el IMSS no puede negar la pensi\u00f3n a los padres del fallecido si demostraban dependencia econ\u00f3mica, incluso si hay otros derechohabientes. El criterio fue establecido en el amparo directo en revisi\u00f3n 826\/2025, con ponencia del ministro Alberto P\u00e9rez Day\u00e1n, quien argument\u00f3 que la exclusi\u00f3n previa era discriminatoria y contraria al principio de protecci\u00f3n social.<\/p>\n<p>La resoluci\u00f3n sienta un precedente obligatorio que obliga al IMSS a modificar su R\u00e9gimen de Pensiones y a reconocer este derecho en todos los casos similares, ampliando as\u00ed la cobertura de protecci\u00f3n a sectores vulnerables como adultos mayores y personas con discapacidad.<\/p>\n<h3>Impacto en familias mexicanas<\/h3>\n<p>La decisi\u00f3n judicial responde a la realidad de numerosas familias en M\u00e9xico donde los padres dependen del ingreso de sus hijos para su subsistencia. Con este fallo, se reconoce jur\u00eddicamente esa dependencia econ\u00f3mica real, lo que permitir\u00e1 que miles de personas accedan a una pensi\u00f3n que antes les era denegada de forma autom\u00e1tica.<\/p>\n<blockquote><p>&#8220;Esta situaci\u00f3n refleja una dependencia real y debe ser reconocida por el IMSS&#8221;<\/p><\/blockquote>\n","protected":false},"excerpt":{"rendered":"<p>La Suprema Corte de Justicia de la Naci\u00f3n (SCJN) emiti\u00f3 un fallo vinculante que obliga al Instituto Mexicano del Seguro Social (IMSS) a aceptar a&hellip;<\/p>\n","protected":false},"author":2,"featured_media":99,"comment_status":"open","ping_status":"open","sticky":false,"template":"","format":"standard","meta":{"footnotes":""},"categories":[52],"tags":[36,106,107,101,104,103,102,105],"class_list":["post-98","post","type-post","status-publish","format-standard","has-post-thumbnail","hentry","category-economia","tag-adultos-mayores","tag-dependencia-economica","tag-discapacidad","tag-imss","tag-padres","tag-pension","tag-suprema-corte","tag-trabajador-fallecido"],"_links":{"self":[{"href":"https:\/\/eldiariorepublicamx.com\/index.php?rest_route=\/wp\/v2\/posts\/98","targetHints":{"allow":["GET"]}}],"collection":[{"href":"https:\/\/eldiariorepublicamx.com\/index.php?rest_route=\/wp\/v2\/posts"}],"about":[{"href":"https:\/\/eldiariorepublicamx.com\/index.php?rest_route=\/wp\/v2\/types\/post"}],"author":[{"embeddable":true,"href":"https:\/\/eldiariorepublicamx.com\/index.php?rest_route=\/wp\/v2\/users\/2"}],"replies":[{"embeddable":true,"href":"https:\/\/eldiariorepublicamx.com\/index.php?rest_route=%2Fwp%2Fv2%2Fcomments&post=98"}],"version-history":[{"count":0,"href":"https:\/\/eldiariorepublicamx.com\/index.php?rest_route=\/wp\/v2\/posts\/98\/revisions"}],"wp:featuredmedia":[{"embeddable":true,"href":"https:\/\/eldiariorepublicamx.com\/index.php?rest_route=\/wp\/v2\/media\/99"}],"wp:attachment":[{"href":"https:\/\/eldiariorepublicamx.com\/index.php?rest_route=%2Fwp%2Fv2%2Fmedia&parent=98"}],"wp:term":[{"taxonomy":"category","embeddable":true,"href":"https:\/\/eldiariorepublicamx.com\/index.php?rest_route=%2Fwp%2Fv2%2Fcategories&post=98"},{"taxonomy":"post_tag","embeddable":true,"href":"https:\/\/eldiariorepublicamx.com\/index.php?rest_route=%2Fwp%2Fv2%2Ftags&post=98"}],"curies":[{"name":"wp","href":"https:\/\/api.w.org\/{rel}","templated":true}]}}