{"id":976,"date":"2026-04-10T10:26:24","date_gmt":"2026-04-10T16:26:24","guid":{"rendered":"https:\/\/eldiariorepublicamx.com\/?p=976"},"modified":"2026-04-10T10:26:24","modified_gmt":"2026-04-10T16:26:24","slug":"claudia-sheinbaum-confirma-asistencia-a-cumbre-internacional-en-barcelona-con-mandatarios-progresistas","status":"publish","type":"post","link":"https:\/\/eldiariorepublicamx.com\/?p=976","title":{"rendered":"Claudia Sheinbaum confirma asistencia a cumbre internacional en Barcelona con mandatarios progresistas"},"content":{"rendered":"<p>La presidenta de M\u00e9xico, Claudia Sheinbaum, realizar\u00e1 su primer viaje oficial a Europa el pr\u00f3ximo 18 de abril para participar en una cumbre internacional en Barcelona que reunir\u00e1 a jefes de Estado de Am\u00e9rica Latina y Europa, con el fin de discutir temas globales y fortalecer la coordinaci\u00f3n entre gobiernos.<\/p>\n<h3>Detalles del encuentro internacional<\/h3>\n<p>El encuentro, organizado inicialmente por el presidente de Chile, Gabriel Boric, contar\u00e1 con la presencia de figuras como el presidente de Brasil, Luiz In\u00e1cio Lula da Silva; el mandatario de Colombia, Gustavo Petro; el presidente de Uruguay, Yamand\u00fa Orsi; y el presidente del Gobierno de Espa\u00f1a, Pedro S\u00e1nchez. Sheinbaum explic\u00f3 durante la Conferencia del Pueblo que acept\u00f3 una invitaci\u00f3n reciente, se\u00f1alando: \u201cEs una reuni\u00f3n a la que me invitaron y ayer decid\u00ed que s\u00ed vamos a ir\u201d.<\/p>\n<h3>Objetivos y temas de la cumbre<\/h3>\n<p>La reuni\u00f3n busca analizar el contexto internacional actual, marcado por tensiones geopol\u00edticas, conflictos armados y presiones econ\u00f3micas. Entre los puntos centrales se abordar\u00e1 la coordinaci\u00f3n de acciones frente al avance del autoritarismo, el crecimiento de movimientos de extrema derecha y los desaf\u00edos del sistema multilateral, con el objetivo de consolidar un espacio de di\u00e1logo entre gobiernos que comparten posturas sobre democracia y cooperaci\u00f3n internacional.<\/p>\n<h3>Antecedentes de la iniciativa<\/h3>\n<p>Esta iniciativa de di\u00e1logo peri\u00f3dico entre l\u00edderes con afinidad pol\u00edtica fue impulsada en septiembre de 2024 por Lula da Silva y Pedro S\u00e1nchez durante la apertura del periodo de sesiones de la ONU. Una primera reuni\u00f3n se llev\u00f3 a cabo en Santiago de Chile en julio pasado, con Boric como anfitri\u00f3n y la participaci\u00f3n de varios de los mandatarios que ahora asistir\u00e1n a Barcelona.<\/p>\n<p>Este viaje representa la incorporaci\u00f3n de la presidenta mexicana a estos espacios de di\u00e1logo internacional. Sheinbaum no especific\u00f3 si sostendr\u00e1 reuniones bilaterales adicionales durante su estancia en Espa\u00f1a, pero confirm\u00f3 su participaci\u00f3n en el encuentro multilateral programado.<\/p>\n","protected":false},"excerpt":{"rendered":"<p>La presidenta de M\u00e9xico, Claudia Sheinbaum, realizar\u00e1 su primer viaje oficial a Europa el pr\u00f3ximo 18 de abril para participar en una cumbre internacional en&hellip;<\/p>\n","protected":false},"author":2,"featured_media":977,"comment_status":"open","ping_status":"open","sticky":false,"template":"","format":"standard","meta":{"footnotes":""},"categories":[53,252],"tags":[698,13,844,840,845,847,846,843],"class_list":["post-976","post","type-post","status-publish","format-standard","has-post-thumbnail","hentry","category-agenda-internacional","category-agenda-nacional","tag-barcelona","tag-claudia-sheinbaum","tag-cumbre-internacional","tag-europa","tag-lideres-progresistas","tag-lula-da-silva","tag-pedro-sanchez","tag-viaje-oficial"],"_links":{"self":[{"href":"https:\/\/eldiariorepublicamx.com\/index.php?rest_route=\/wp\/v2\/posts\/976","targetHints":{"allow":["GET"]}}],"collection":[{"href":"https:\/\/eldiariorepublicamx.com\/index.php?rest_route=\/wp\/v2\/posts"}],"about":[{"href":"https:\/\/eldiariorepublicamx.com\/index.php?rest_route=\/wp\/v2\/types\/post"}],"author":[{"embeddable":true,"href":"https:\/\/eldiariorepublicamx.com\/index.php?rest_route=\/wp\/v2\/users\/2"}],"replies":[{"embeddable":true,"href":"https:\/\/eldiariorepublicamx.com\/index.php?rest_route=%2Fwp%2Fv2%2Fcomments&post=976"}],"version-history":[{"count":0,"href":"https:\/\/eldiariorepublicamx.com\/index.php?rest_route=\/wp\/v2\/posts\/976\/revisions"}],"wp:featuredmedia":[{"embeddable":true,"href":"https:\/\/eldiariorepublicamx.com\/index.php?rest_route=\/wp\/v2\/media\/977"}],"wp:attachment":[{"href":"https:\/\/eldiariorepublicamx.com\/index.php?rest_route=%2Fwp%2Fv2%2Fmedia&parent=976"}],"wp:term":[{"taxonomy":"category","embeddable":true,"href":"https:\/\/eldiariorepublicamx.com\/index.php?rest_route=%2Fwp%2Fv2%2Fcategories&post=976"},{"taxonomy":"post_tag","embeddable":true,"href":"https:\/\/eldiariorepublicamx.com\/index.php?rest_route=%2Fwp%2Fv2%2Ftags&post=976"}],"curies":[{"name":"wp","href":"https:\/\/api.w.org\/{rel}","templated":true}]}}