{"id":974,"date":"2026-04-10T10:26:13","date_gmt":"2026-04-10T16:26:13","guid":{"rendered":"https:\/\/eldiariorepublicamx.com\/?p=974"},"modified":"2026-04-10T10:26:13","modified_gmt":"2026-04-10T16:26:13","slug":"presidenta-sheinbaum-realizara-su-primer-viaje-oficial-a-europa-para-encuentro-con-lideres-iberoamericanos-en-barcelona","status":"publish","type":"post","link":"https:\/\/eldiariorepublicamx.com\/?p=974","title":{"rendered":"Presidenta Sheinbaum realizar\u00e1 su primer viaje oficial a Europa para encuentro con l\u00edderes iberoamericanos en Barcelona"},"content":{"rendered":"<p>La presidenta de M\u00e9xico, Claudia Sheinbaum, inform\u00f3 durante su conferencia de prensa matutina que realizar\u00e1 su primer viaje oficial a Europa para participar en un encuentro de alto nivel con mandatarios de Iberoam\u00e9rica en la ciudad de Barcelona.<\/p>\n<h3>Di\u00e1logo pol\u00edtico y cooperaci\u00f3n internacional<\/h3>\n<p>El encuentro, que se llevar\u00e1 a cabo en Barcelona, contar\u00e1 con la participaci\u00f3n de diversos l\u00edderes de Am\u00e9rica Latina y del presidente del Gobierno espa\u00f1ol, Pedro S\u00e1nchez, quien fungir\u00e1 como anfitri\u00f3n. Sheinbaum se\u00f1al\u00f3 que acept\u00f3 la invitaci\u00f3n para asistir a esta reuni\u00f3n, la cual marca su primera visita oficial al continente europeo desde que asumi\u00f3 la Presidencia.<\/p>\n<p>&#8220;Es una reuni\u00f3n a la que me invitaron y ayer decid\u00ed que s\u00ed vamos a ir&#8221;, expres\u00f3 la mandataria mexicana.<\/p>\n<h3>Refuerzo del rol de M\u00e9xico en el mundo<\/h3>\n<p>Se prev\u00e9 que el di\u00e1logo en la cumbre incluya temas como la cooperaci\u00f3n bilateral, el desarrollo econ\u00f3mico y las relaciones entre Europa y Am\u00e9rica Latina. La participaci\u00f3n de M\u00e9xico en este foro fortalece los lazos entre ambas regiones y refuerza el papel del pa\u00eds en la agenda internacional y en los espacios multilaterales.<\/p>\n","protected":false},"excerpt":{"rendered":"<p>La presidenta de M\u00e9xico, Claudia Sheinbaum, inform\u00f3 durante su conferencia de prensa matutina que realizar\u00e1 su primer viaje oficial a Europa para participar en un&hellip;<\/p>\n","protected":false},"author":2,"featured_media":975,"comment_status":"open","ping_status":"open","sticky":false,"template":"","format":"standard","meta":{"footnotes":""},"categories":[53,252],"tags":[698,13,840,842,841,735,839],"class_list":["post-974","post","type-post","status-publish","format-standard","has-post-thumbnail","hentry","category-agenda-internacional","category-agenda-nacional","tag-barcelona","tag-claudia-sheinbaum","tag-europa","tag-iberoamerica","tag-mandatarios","tag-reunion","tag-viaje"],"_links":{"self":[{"href":"https:\/\/eldiariorepublicamx.com\/index.php?rest_route=\/wp\/v2\/posts\/974","targetHints":{"allow":["GET"]}}],"collection":[{"href":"https:\/\/eldiariorepublicamx.com\/index.php?rest_route=\/wp\/v2\/posts"}],"about":[{"href":"https:\/\/eldiariorepublicamx.com\/index.php?rest_route=\/wp\/v2\/types\/post"}],"author":[{"embeddable":true,"href":"https:\/\/eldiariorepublicamx.com\/index.php?rest_route=\/wp\/v2\/users\/2"}],"replies":[{"embeddable":true,"href":"https:\/\/eldiariorepublicamx.com\/index.php?rest_route=%2Fwp%2Fv2%2Fcomments&post=974"}],"version-history":[{"count":0,"href":"https:\/\/eldiariorepublicamx.com\/index.php?rest_route=\/wp\/v2\/posts\/974\/revisions"}],"wp:featuredmedia":[{"embeddable":true,"href":"https:\/\/eldiariorepublicamx.com\/index.php?rest_route=\/wp\/v2\/media\/975"}],"wp:attachment":[{"href":"https:\/\/eldiariorepublicamx.com\/index.php?rest_route=%2Fwp%2Fv2%2Fmedia&parent=974"}],"wp:term":[{"taxonomy":"category","embeddable":true,"href":"https:\/\/eldiariorepublicamx.com\/index.php?rest_route=%2Fwp%2Fv2%2Fcategories&post=974"},{"taxonomy":"post_tag","embeddable":true,"href":"https:\/\/eldiariorepublicamx.com\/index.php?rest_route=%2Fwp%2Fv2%2Ftags&post=974"}],"curies":[{"name":"wp","href":"https:\/\/api.w.org\/{rel}","templated":true}]}}