{"id":972,"date":"2026-04-10T10:26:08","date_gmt":"2026-04-10T16:26:08","guid":{"rendered":"https:\/\/eldiariorepublicamx.com\/?p=972"},"modified":"2026-04-10T10:26:08","modified_gmt":"2026-04-10T16:26:08","slug":"presidenta-claudia-sheinbaum-confirmo-asistencia-a-cumbre-internacional-en-espana","status":"publish","type":"post","link":"https:\/\/eldiariorepublicamx.com\/?p=972","title":{"rendered":"Presidenta Claudia Sheinbaum confirm\u00f3 asistencia a cumbre internacional en Espa\u00f1a"},"content":{"rendered":"<p>La presidenta de M\u00e9xico, Claudia Sheinbaum, confirm\u00f3 este viernes que viajar\u00e1 a Barcelona el pr\u00f3ximo 18 de abril para participar en un encuentro de mandatarios de gobiernos progresistas.<\/p>\n<h3>Agenda internacional de la mandataria<\/h3>\n<p>Durante su conferencia de prensa matutina, Sheinbaum anunci\u00f3: \u201cVoy a ir a Barcelona. El 18 (de abril), la pr\u00f3xima semana\u201d. En la reuni\u00f3n tambi\u00e9n estar\u00e1n presentes los presidentes de Colombia, Gustavo Petro, y de Brasil, Luiz In\u00e1cio Lula da Silva, as\u00ed como el jefe del Gobierno espa\u00f1ol, Pedro S\u00e1nchez, quien fungir\u00e1 como anfitri\u00f3n.<\/p>\n<h3>Contexto de las relaciones bilaterales<\/h3>\n<p>Este viaje diplom\u00e1tico se produce en un momento de distensi\u00f3n en las relaciones entre M\u00e9xico y Espa\u00f1a, luego de un periodo de tensiones. Dichas tensiones surgieron tras la solicitud del gobierno mexicano para que la Corona espa\u00f1ola ofreciera una disculpa por los agravios hist\u00f3ricos de la conquista, un episodio que gener\u00f3 fricciones entre ambos pa\u00edses.<\/p>\n<p>En los \u00faltimos meses, sin embargo, ambas naciones han mostrado se\u00f1ales de acercamiento y han hecho llamamientos para profundizar el di\u00e1logo tanto hist\u00f3rico como pol\u00edtico, buscando superar los desencuentros del pasado.<\/p>\n","protected":false},"excerpt":{"rendered":"<p>La presidenta de M\u00e9xico, Claudia Sheinbaum, confirm\u00f3 este viernes que viajar\u00e1 a Barcelona el pr\u00f3ximo 18 de abril para participar en un encuentro de mandatarios&hellip;<\/p>\n","protected":false},"author":2,"featured_media":973,"comment_status":"open","ping_status":"open","sticky":false,"template":"","format":"standard","meta":{"footnotes":""},"categories":[53,252],"tags":[698,13,650,838,735,839],"class_list":["post-972","post","type-post","status-publish","format-standard","has-post-thumbnail","hentry","category-agenda-internacional","category-agenda-nacional","tag-barcelona","tag-claudia-sheinbaum","tag-espana","tag-gobiernos-progresistas","tag-reunion","tag-viaje"],"_links":{"self":[{"href":"https:\/\/eldiariorepublicamx.com\/index.php?rest_route=\/wp\/v2\/posts\/972","targetHints":{"allow":["GET"]}}],"collection":[{"href":"https:\/\/eldiariorepublicamx.com\/index.php?rest_route=\/wp\/v2\/posts"}],"about":[{"href":"https:\/\/eldiariorepublicamx.com\/index.php?rest_route=\/wp\/v2\/types\/post"}],"author":[{"embeddable":true,"href":"https:\/\/eldiariorepublicamx.com\/index.php?rest_route=\/wp\/v2\/users\/2"}],"replies":[{"embeddable":true,"href":"https:\/\/eldiariorepublicamx.com\/index.php?rest_route=%2Fwp%2Fv2%2Fcomments&post=972"}],"version-history":[{"count":0,"href":"https:\/\/eldiariorepublicamx.com\/index.php?rest_route=\/wp\/v2\/posts\/972\/revisions"}],"wp:featuredmedia":[{"embeddable":true,"href":"https:\/\/eldiariorepublicamx.com\/index.php?rest_route=\/wp\/v2\/media\/973"}],"wp:attachment":[{"href":"https:\/\/eldiariorepublicamx.com\/index.php?rest_route=%2Fwp%2Fv2%2Fmedia&parent=972"}],"wp:term":[{"taxonomy":"category","embeddable":true,"href":"https:\/\/eldiariorepublicamx.com\/index.php?rest_route=%2Fwp%2Fv2%2Fcategories&post=972"},{"taxonomy":"post_tag","embeddable":true,"href":"https:\/\/eldiariorepublicamx.com\/index.php?rest_route=%2Fwp%2Fv2%2Ftags&post=972"}],"curies":[{"name":"wp","href":"https:\/\/api.w.org\/{rel}","templated":true}]}}