{"id":968,"date":"2026-04-10T10:26:07","date_gmt":"2026-04-10T16:26:07","guid":{"rendered":"https:\/\/eldiariorepublicamx.com\/?p=968"},"modified":"2026-04-10T10:26:07","modified_gmt":"2026-04-10T16:26:07","slug":"presidenta-sheinbaum-presenta-avances-constitucionales-de-reforma-electoral-contra-privilegios","status":"publish","type":"post","link":"https:\/\/eldiariorepublicamx.com\/?p=968","title":{"rendered":"Presidenta Sheinbaum presenta avances constitucionales de reforma electoral contra privilegios"},"content":{"rendered":"<p>La presidenta Claudia Sheinbaum anunci\u00f3 este viernes que el denominado Plan B de la reforma electoral ha sido ratificado por el Congreso de la Uni\u00f3n y por 20 legislaturas estatales, adquiriendo as\u00ed car\u00e1cter constitucional. Durante su conferencia en Palacio Nacional, la mandataria resalt\u00f3 que el eje central de esta modificaci\u00f3n es la eliminaci\u00f3n de privilegios dentro del sistema pol\u00edtico mexicano.<\/p>\n<h3>Medidas centrales de la transformaci\u00f3n<\/h3>\n<p>Sheinbaum detall\u00f3 seis cambios fundamentales que integran la reforma: la prohibici\u00f3n de la reelecci\u00f3n, la eliminaci\u00f3n del nepotismo en puestos p\u00fablicos, la reducci\u00f3n de recursos para los congresos estatales, la disminuci\u00f3n del n\u00famero de regidores en los ayuntamientos, el fin de las pensiones doradas y el recorte de salarios, bonos y seguros m\u00e9dicos para consejeros y magistrados electorales. Seg\u00fan explic\u00f3, estas disposiciones buscan reducir el gasto p\u00fablico y limitar beneficios considerados excesivos.<\/p>\n<blockquote><p>\u201cAbajo los privilegios, con todas sus letras\u201d<\/p><\/blockquote>\n<h3>Proceso de implementaci\u00f3n<\/h3>\n<p>La presidenta indic\u00f3 que, aunque la reforma ya es constitucional, a\u00fan falta un tr\u00e1mite administrativo para que entre en vigor. El dictamen debe regresar al Senado para su declaratoria formal y posterior publicaci\u00f3n en el Diario Oficial de la Federaci\u00f3n. &#8220;Esto ya es un hecho para el pa\u00eds, solo est\u00e1 por publicarse&#8221;, afirm\u00f3 Sheinbaum.<\/p>\n<h3>Origen y alcance del Plan B<\/h3>\n<p>Este plan ajustado surgi\u00f3 despu\u00e9s de que la iniciativa original no consiguiera la mayor\u00eda calificada necesaria en la C\u00e1mara de Diputados. Al modificar el proyecto y excluir algunas propuestas controvertidas, como la de vincular la revocaci\u00f3n de mandato con los comicios de 2027, el bloque oficialista logr\u00f3 los votos para avanzar con una versi\u00f3n m\u00e1s acotada. Sheinbaum defendi\u00f3 que los cambios aprobados representan una transformaci\u00f3n estructural dirigida a la austeridad y al combate de privilegios en el \u00e1mbito electoral, perfil\u00e1ndose como una de las principales reformas en la materia del actual gobierno.<\/p>\n","protected":false},"excerpt":{"rendered":"<p>La presidenta Claudia Sheinbaum anunci\u00f3 este viernes que el denominado Plan B de la reforma electoral ha sido ratificado por el Congreso de la Uni\u00f3n&hellip;<\/p>\n","protected":false},"author":2,"featured_media":969,"comment_status":"open","ping_status":"open","sticky":false,"template":"","format":"standard","meta":{"footnotes":""},"categories":[252],"tags":[812,313,835,14,288],"class_list":["post-968","post","type-post","status-publish","format-standard","has-post-thumbnail","hentry","category-agenda-nacional","tag-congreso","tag-plan-b","tag-privilegios","tag-reforma-electoral","tag-sheinbaum"],"_links":{"self":[{"href":"https:\/\/eldiariorepublicamx.com\/index.php?rest_route=\/wp\/v2\/posts\/968","targetHints":{"allow":["GET"]}}],"collection":[{"href":"https:\/\/eldiariorepublicamx.com\/index.php?rest_route=\/wp\/v2\/posts"}],"about":[{"href":"https:\/\/eldiariorepublicamx.com\/index.php?rest_route=\/wp\/v2\/types\/post"}],"author":[{"embeddable":true,"href":"https:\/\/eldiariorepublicamx.com\/index.php?rest_route=\/wp\/v2\/users\/2"}],"replies":[{"embeddable":true,"href":"https:\/\/eldiariorepublicamx.com\/index.php?rest_route=%2Fwp%2Fv2%2Fcomments&post=968"}],"version-history":[{"count":0,"href":"https:\/\/eldiariorepublicamx.com\/index.php?rest_route=\/wp\/v2\/posts\/968\/revisions"}],"wp:featuredmedia":[{"embeddable":true,"href":"https:\/\/eldiariorepublicamx.com\/index.php?rest_route=\/wp\/v2\/media\/969"}],"wp:attachment":[{"href":"https:\/\/eldiariorepublicamx.com\/index.php?rest_route=%2Fwp%2Fv2%2Fmedia&parent=968"}],"wp:term":[{"taxonomy":"category","embeddable":true,"href":"https:\/\/eldiariorepublicamx.com\/index.php?rest_route=%2Fwp%2Fv2%2Fcategories&post=968"},{"taxonomy":"post_tag","embeddable":true,"href":"https:\/\/eldiariorepublicamx.com\/index.php?rest_route=%2Fwp%2Fv2%2Ftags&post=968"}],"curies":[{"name":"wp","href":"https:\/\/api.w.org\/{rel}","templated":true}]}}