{"id":959,"date":"2026-04-09T15:18:17","date_gmt":"2026-04-09T21:18:17","guid":{"rendered":"https:\/\/eldiariorepublicamx.com\/?p=959"},"modified":"2026-04-09T15:18:18","modified_gmt":"2026-04-09T21:18:18","slug":"sheinbaum-destina-315-mil-331-mdp-a-carreteras-para-que-las-familias-mexicanas-se-muevan-mejor-y-el-pais-siga-creciendo","status":"publish","type":"post","link":"https:\/\/eldiariorepublicamx.com\/?p=959","title":{"rendered":"Sheinbaum destina 315 mil 331 mdp a carreteras para que las familias mexicanas se muevan mejor y el pa\u00eds siga creciendo"},"content":{"rendered":"\n<p><em>La inversi\u00f3n m\u00e1s alta en infraestructura carretera de los \u00faltimos a\u00f1os impulsada por la presidenta Sheinbaum ya genera resultados visibles: 360 km concluidos, 78 puentes terminados y miles de baches atendidos en todo el pa\u00eds.<\/em><\/p>\n\n\n\n<p>Para mejorar la vida de la ciudadan\u00eda, <strong>la presidenta Claudia Sheinbaum<\/strong> anunci\u00f3 hoy una inversi\u00f3n de <strong>315 mil 331 millones de pesos en el Programa Nacional de Infraestructura Carretera.<\/strong> Una acci\u00f3n que permitir\u00e1 seguir conectando al pa\u00eds.<\/p>\n\n\n\n<p>Los avances ya son concretos: 360 km de carreteras concluidas o modernizadas, 4 mil 500 km de repavimentaci\u00f3n con el MegaBachet\u00f3n y 78 puentes terminados.<\/p>\n\n\n\n<p><strong>\u00bfC\u00f3mo beneficia el programa MegaBachet\u00f3n a las familias de M\u00e9xico?<\/strong><\/p>\n\n\n\n<p>El <strong>programa MegaBachet\u00f3n<\/strong> representa una respuesta directa a una de las necesidades m\u00e1s sentidas de la poblaci\u00f3n: carreteras en buen estado. A trav\u00e9s de este programa, el gobierno ha desplegado cuadrillas especializadas en tramos de la red carretera federal para realizar trabajos de <strong>bacheo, nivelaci\u00f3n y rehabilitaci\u00f3n de la superficie de rodamiento<\/strong>.<\/p>\n\n\n\n<p>Para una familia que recorre kil\u00f3metros diariamente para ir al trabajo, a la escuela o al mercado, tener carreteras en condiciones \u00f3ptimas significa <strong>menos gastos en reparaciones de veh\u00edculo y m\u00e1s seguridad en el camino<\/strong>.<\/p>\n\n\n\n<p><strong>\u00bfQu\u00e9 obras de infraestructura llegan a las regiones del pa\u00eds?<\/strong><\/p>\n\n\n\n<p>La inversi\u00f3n del gobierno incluye:<\/p>\n\n\n\n<ul class=\"wp-block-list\">\n<li><strong>Construcci\u00f3n y rehabilitaci\u00f3n de puentes<\/strong> que conectan comunidades rurales y urbanas<\/li>\n\n\n\n<li><strong>Modernizaci\u00f3n de carreteras federales<\/strong> con mayor capacidad y durabilidad<\/li>\n\n\n\n<li><strong>Ampliaci\u00f3n de tramos estrat\u00e9gicos<\/strong> para facilitar el comercio y el traslado de familias<\/li>\n\n\n\n<li><strong>Empleos directos en obra<\/strong> que benefician a trabajadores de las comunidades donde se ejecutan los proyectos<\/li>\n<\/ul>\n\n\n\n<p><strong>\u00bfQu\u00e9 significa esta inversi\u00f3n para el desarrollo de las regiones?<\/strong><\/p>\n\n\n\n<p>Las carreteras son el motor silencioso de la econom\u00eda familiar. Cuando un tramo se rehabilita, el transporte de productos agr\u00edcolas se agiliza, los tiempos de traslado al trabajo disminuyen y las comunidades alejadas ganan acceso a servicios esenciales.La inversi\u00f3n de <strong>315,331 millones de pesos<\/strong> no es solo una cifra: es la garant\u00eda de que el gobierno trabaja por conectar a todas las familias de M\u00e9xico, sin importar en qu\u00e9 estado o regi\u00f3n vivan.<\/p>\n","protected":false},"excerpt":{"rendered":"<p>La inversi\u00f3n m\u00e1s alta en infraestructura carretera de los \u00faltimos a\u00f1os impulsada por la presidenta Sheinbaum ya genera resultados visibles: 360 km concluidos, 78 puentes&hellip;<\/p>\n","protected":false},"author":5,"featured_media":960,"comment_status":"open","ping_status":"open","sticky":false,"template":"","format":"standard","meta":{"footnotes":""},"categories":[52,251],"tags":[13,96,404,45,18],"class_list":["post-959","post","type-post","status-publish","format-standard","has-post-thumbnail","hentry","category-economia","category-la-mananera-en-breve","tag-claudia-sheinbaum","tag-gobierno-federal","tag-mananera","tag-mexico","tag-morena"],"_links":{"self":[{"href":"https:\/\/eldiariorepublicamx.com\/index.php?rest_route=\/wp\/v2\/posts\/959","targetHints":{"allow":["GET"]}}],"collection":[{"href":"https:\/\/eldiariorepublicamx.com\/index.php?rest_route=\/wp\/v2\/posts"}],"about":[{"href":"https:\/\/eldiariorepublicamx.com\/index.php?rest_route=\/wp\/v2\/types\/post"}],"author":[{"embeddable":true,"href":"https:\/\/eldiariorepublicamx.com\/index.php?rest_route=\/wp\/v2\/users\/5"}],"replies":[{"embeddable":true,"href":"https:\/\/eldiariorepublicamx.com\/index.php?rest_route=%2Fwp%2Fv2%2Fcomments&post=959"}],"version-history":[{"count":1,"href":"https:\/\/eldiariorepublicamx.com\/index.php?rest_route=\/wp\/v2\/posts\/959\/revisions"}],"predecessor-version":[{"id":961,"href":"https:\/\/eldiariorepublicamx.com\/index.php?rest_route=\/wp\/v2\/posts\/959\/revisions\/961"}],"wp:featuredmedia":[{"embeddable":true,"href":"https:\/\/eldiariorepublicamx.com\/index.php?rest_route=\/wp\/v2\/media\/960"}],"wp:attachment":[{"href":"https:\/\/eldiariorepublicamx.com\/index.php?rest_route=%2Fwp%2Fv2%2Fmedia&parent=959"}],"wp:term":[{"taxonomy":"category","embeddable":true,"href":"https:\/\/eldiariorepublicamx.com\/index.php?rest_route=%2Fwp%2Fv2%2Fcategories&post=959"},{"taxonomy":"post_tag","embeddable":true,"href":"https:\/\/eldiariorepublicamx.com\/index.php?rest_route=%2Fwp%2Fv2%2Ftags&post=959"}],"curies":[{"name":"wp","href":"https:\/\/api.w.org\/{rel}","templated":true}]}}