{"id":941,"date":"2026-04-09T10:25:54","date_gmt":"2026-04-09T16:25:54","guid":{"rendered":"https:\/\/eldiariorepublicamx.com\/?p=941"},"modified":"2026-04-09T11:33:52","modified_gmt":"2026-04-09T17:33:52","slug":"presidenta-sheinbaum-destaca-avances-en-seguridad-y-economia-durante-conferencia-matutina","status":"publish","type":"post","link":"https:\/\/eldiariorepublicamx.com\/?p=941","title":{"rendered":"Presidenta Sheinbaum destaca avances en seguridad y econom\u00eda durante conferencia matutina"},"content":{"rendered":"<p>La presidenta Claudia Sheinbaum ofreci\u00f3 su conferencia de prensa matutina habitual este jueves 9 de abril de 2026, donde abord\u00f3 temas de seguridad p\u00fablica, desarrollo econ\u00f3mico y el rumbo de la transformaci\u00f3n en el pa\u00eds.<\/p>\n<h3>Enfoque en resultados y transparencia<\/h3>\n<p>Durante el encuentro con los medios, la mandataria federal present\u00f3 un balance de las acciones implementadas por su gobierno para fortalecer la paz y el bienestar de las familias mexicanas. Subray\u00f3 el compromiso de su administraci\u00f3n con la austeridad republicana y la continuidad de los programas sociales que han beneficiado a millones.<\/p>\n<p>Sheinbaum reiter\u00f3 que la prioridad de la Cuarta Transformaci\u00f3n sigue siendo el pueblo, destacando los avances en materia de seguridad y la disminuci\u00f3n de indicadores delictivos en varias regiones del territorio nacional como resultado de la nueva estrategia.<\/p>\n<h3>Contexto de la comunicaci\u00f3n gubernamental<\/h3>\n<p>Las conferencias matutinas se han consolidado como un espacio de di\u00e1logo directo y rendici\u00f3n de cuentas, caracter\u00edstica de este proyecto de gobierno. Este formato permite informar sobre los logros y desaf\u00edos de manera transparente, alej\u00e1ndose de las pr\u00e1cticas opacas de administraciones anteriores.<\/p>\n<p>La presidenta aprovech\u00f3 la plataforma para hacer un llamado a la unidad nacional y a seguir trabajando en la construcci\u00f3n de un M\u00e9xico m\u00e1s justo y con mayores oportunidades para todos.<\/p>\n","protected":false},"excerpt":{"rendered":"<p>La presidenta Claudia Sheinbaum ofreci\u00f3 su conferencia de prensa matutina habitual este jueves 9 de abril de 2026, donde abord\u00f3 temas de seguridad p\u00fablica, desarrollo&hellip;<\/p>\n","protected":false},"author":2,"featured_media":895,"comment_status":"open","ping_status":"open","sticky":false,"template":"","format":"standard","meta":{"footnotes":""},"categories":[252],"tags":[426,11,428,42,288],"class_list":["post-941","post","type-post","status-publish","format-standard","has-post-thumbnail","hentry","category-agenda-nacional","tag-conferencia","tag-gobierno","tag-prensa","tag-seguridad","tag-sheinbaum"],"_links":{"self":[{"href":"https:\/\/eldiariorepublicamx.com\/index.php?rest_route=\/wp\/v2\/posts\/941","targetHints":{"allow":["GET"]}}],"collection":[{"href":"https:\/\/eldiariorepublicamx.com\/index.php?rest_route=\/wp\/v2\/posts"}],"about":[{"href":"https:\/\/eldiariorepublicamx.com\/index.php?rest_route=\/wp\/v2\/types\/post"}],"author":[{"embeddable":true,"href":"https:\/\/eldiariorepublicamx.com\/index.php?rest_route=\/wp\/v2\/users\/2"}],"replies":[{"embeddable":true,"href":"https:\/\/eldiariorepublicamx.com\/index.php?rest_route=%2Fwp%2Fv2%2Fcomments&post=941"}],"version-history":[{"count":1,"href":"https:\/\/eldiariorepublicamx.com\/index.php?rest_route=\/wp\/v2\/posts\/941\/revisions"}],"predecessor-version":[{"id":945,"href":"https:\/\/eldiariorepublicamx.com\/index.php?rest_route=\/wp\/v2\/posts\/941\/revisions\/945"}],"wp:featuredmedia":[{"embeddable":true,"href":"https:\/\/eldiariorepublicamx.com\/index.php?rest_route=\/wp\/v2\/media\/895"}],"wp:attachment":[{"href":"https:\/\/eldiariorepublicamx.com\/index.php?rest_route=%2Fwp%2Fv2%2Fmedia&parent=941"}],"wp:term":[{"taxonomy":"category","embeddable":true,"href":"https:\/\/eldiariorepublicamx.com\/index.php?rest_route=%2Fwp%2Fv2%2Fcategories&post=941"},{"taxonomy":"post_tag","embeddable":true,"href":"https:\/\/eldiariorepublicamx.com\/index.php?rest_route=%2Fwp%2Fv2%2Ftags&post=941"}],"curies":[{"name":"wp","href":"https:\/\/api.w.org\/{rel}","templated":true}]}}