{"id":94,"date":"2026-03-18T12:42:10","date_gmt":"2026-03-18T18:42:10","guid":{"rendered":"https:\/\/eldiariorepublicamx.com\/?p=94"},"modified":"2026-03-18T12:42:10","modified_gmt":"2026-03-18T18:42:10","slug":"cnte-convoca-paro-nacional-de-72-horas-y-marcha-hacia-palacio-nacional-para-exigir-derogacion-de-la-ley-del-issste","status":"publish","type":"post","link":"https:\/\/eldiariorepublicamx.com\/?p=94","title":{"rendered":"CNTE convoca paro nacional de 72 horas y marcha hacia Palacio Nacional para exigir derogaci\u00f3n de la Ley del ISSSTE"},"content":{"rendered":"<p>La Coordinadora Nacional de Trabajadores de la Educaci\u00f3n (CNTE) ha convocado a un paro nacional de 72 horas, con una marcha programada desde el \u00c1ngel de la Independencia hacia Palacio Nacional, donde instalar\u00e1n un plant\u00f3n hasta el viernes. El gremio justifica la movilizaci\u00f3n por la omisi\u00f3n de los gobiernos federal y estatal en atender sus derechos laborales y de seguridad social, as\u00ed como por lo que consideran un abandono por parte del Sindicato Nacional. &#8220;Frente a la omisi\u00f3n de los gobiernos, federales y estatales, y el abandono de nuestros derechos laborales y de seguridad social por parte del Sindicato Nacional, el llamado es claro: organizarnos y movilizarnos&#8221;, se\u00f1ala su comunicado.<\/p>\n<h3>Exigen derogaci\u00f3n de la Ley del ISSSTE y reforma educativa<\/h3>\n<p>El principal reclamo del magisterio sigue siendo la derogaci\u00f3n de la Ley del ISSSTE de 2007, impulsada durante el gobierno de Felipe Calder\u00f3n, que elimin\u00f3 la pensi\u00f3n vitalicia y traslad\u00f3 a los trabajadores a un sistema de ahorro individual. Tambi\u00e9n exigen la abrogaci\u00f3n de la reforma educativa. Pese a que estos temas han sido centrales en m\u00faltiples movilizaciones, el Gobierno ha mantenido su postura de no revertir la ley, argumentando que no existe presupuesto suficiente para regresar al antiguo esquema de pensiones.<\/p>\n<p>En junio del a\u00f1o pasado, tras 24 d\u00edas de movilizaciones que afectaron severamente la Ciudad de M\u00e9xico, la CNTE logr\u00f3 acuerdos con la entonces mandataria Claudia Sheinbaum, entre ellos la congelaci\u00f3n y reducci\u00f3n de la edad de jubilaci\u00f3n y un incremento salarial del 10%. Al retirarse del Z\u00f3calo, los maestros advirtieron: &#8220;No estamos cansados ni fracasados, estamos pausados&#8221;.<\/p>\n<h3>Desacuerdo tras nuevas medidas gubernamentales<\/h3>\n<p>En noviembre, el magisterio anunci\u00f3 un nuevo paro por considerar que el gobierno no cumpli\u00f3 con los acuerdos. La secretaria de Gobernaci\u00f3n, Rosa Icela Rodr\u00edguez, neg\u00f3 entonces las acusaciones y rechaz\u00f3 &#8220;cualquier manifestaci\u00f3n o amenaza con tintes pol\u00edticos que socaven la tranquilidad de la poblaci\u00f3n y desvirt\u00fae la lucha por una mejor educaci\u00f3n&#8221;. Destac\u00f3 que se hab\u00edan instalado m\u00e1s de 22 mesas de trabajo y que la presidenta hab\u00eda sostenido m\u00e1s de 10 reuniones con l\u00edderes de la CNTE.<\/p>\n<p>A pesar de los decretos emitidos por la presidenta a finales de junio para atender algunas demandas, la CNTE calific\u00f3 las medidas como &#8220;simulaciones&#8221; y &#8220;migajas maquilladas de justicia&#8221;, insistiendo en que no resuelven las necesidades reales de los trabajadores. Claudia Sheinbaum respondi\u00f3 acusando al magisterio de buscar &#8220;utilizar la violencia para llegar a Palacio Nacional&#8221;, aunque reconoci\u00f3 que ya se hab\u00edan atendido &#8220;much\u00edsimas de las demandas&#8221;.<\/p>\n<h3>Alternativas y preparativos gubernamentales<\/h3>\n<p>La mandataria explic\u00f3 que, si bien es financieramente inviable revertir la Ley del ISSSTE de 2007, se cre\u00f3 el Fondo de Pensiones para el Bienestar y se trabaja en otras alternativas. Respecto a la reforma educativa, afirm\u00f3: &#8220;Ya planteamos que no va a haber ninguna imposici\u00f3n&#8221;. Ante la nueva convocatoria, las autoridades han instalado vallas met\u00e1licas en el Z\u00f3calo y calles aleda\u00f1as para contener posibles bloqueos. Seg\u00fan informaci\u00f3n del sindicato, el 20% de sus miembros participar\u00e1 en la movilizaci\u00f3n en la capital, mientras que el 80% lo har\u00e1 en distintos estados del pa\u00eds.<\/p>\n","protected":false},"excerpt":{"rendered":"<p>La Coordinadora Nacional de Trabajadores de la Educaci\u00f3n (CNTE) ha convocado a un paro nacional de 72 horas, con una marcha programada desde el \u00c1ngel&hellip;<\/p>\n","protected":false},"author":2,"featured_media":95,"comment_status":"open","ping_status":"open","sticky":false,"template":"","format":"standard","meta":{"footnotes":""},"categories":[52],"tags":[13,89,96,91,95,94,17,90,93,92],"class_list":["post-94","post","type-post","status-publish","format-standard","has-post-thumbnail","hentry","category-economia","tag-claudia-sheinbaum","tag-cnte","tag-gobierno-federal","tag-ley-del-issste","tag-maestros","tag-movilizacion","tag-palacio-nacional","tag-paro-nacional","tag-pensiones","tag-reforma-educativa"],"_links":{"self":[{"href":"https:\/\/eldiariorepublicamx.com\/index.php?rest_route=\/wp\/v2\/posts\/94","targetHints":{"allow":["GET"]}}],"collection":[{"href":"https:\/\/eldiariorepublicamx.com\/index.php?rest_route=\/wp\/v2\/posts"}],"about":[{"href":"https:\/\/eldiariorepublicamx.com\/index.php?rest_route=\/wp\/v2\/types\/post"}],"author":[{"embeddable":true,"href":"https:\/\/eldiariorepublicamx.com\/index.php?rest_route=\/wp\/v2\/users\/2"}],"replies":[{"embeddable":true,"href":"https:\/\/eldiariorepublicamx.com\/index.php?rest_route=%2Fwp%2Fv2%2Fcomments&post=94"}],"version-history":[{"count":0,"href":"https:\/\/eldiariorepublicamx.com\/index.php?rest_route=\/wp\/v2\/posts\/94\/revisions"}],"wp:featuredmedia":[{"embeddable":true,"href":"https:\/\/eldiariorepublicamx.com\/index.php?rest_route=\/wp\/v2\/media\/95"}],"wp:attachment":[{"href":"https:\/\/eldiariorepublicamx.com\/index.php?rest_route=%2Fwp%2Fv2%2Fmedia&parent=94"}],"wp:term":[{"taxonomy":"category","embeddable":true,"href":"https:\/\/eldiariorepublicamx.com\/index.php?rest_route=%2Fwp%2Fv2%2Fcategories&post=94"},{"taxonomy":"post_tag","embeddable":true,"href":"https:\/\/eldiariorepublicamx.com\/index.php?rest_route=%2Fwp%2Fv2%2Ftags&post=94"}],"curies":[{"name":"wp","href":"https:\/\/api.w.org\/{rel}","templated":true}]}}