{"id":937,"date":"2026-04-09T10:25:46","date_gmt":"2026-04-09T16:25:46","guid":{"rendered":"https:\/\/eldiariorepublicamx.com\/?p=937"},"modified":"2026-04-09T10:25:46","modified_gmt":"2026-04-09T16:25:46","slug":"sheinbaum-respalda-la-revocacion-de-mandato-como-instrumento-ciudadano-fundamental","status":"publish","type":"post","link":"https:\/\/eldiariorepublicamx.com\/?p=937","title":{"rendered":"Sheinbaum respalda la revocaci\u00f3n de mandato como instrumento ciudadano fundamental"},"content":{"rendered":"<p>La presidenta Claudia Sheinbaum afirm\u00f3 que la figura de la revocaci\u00f3n de mandato otorga mayor poder a la ciudadan\u00eda, enmarc\u00e1ndola como un pilar de la democracia participativa dentro del proyecto de transformaci\u00f3n nacional.<\/p>\n<h3>Contexto de la reforma electoral<\/h3>\n<p>Durante un an\u00e1lisis sobre la reciente aprobaci\u00f3n del &#8220;Plan B&#8221; en materia electoral, la mandataria federal enfatiz\u00f3 la necesidad de robustecer herramientas como las consultas populares, las cuales considera fundamentales para que el pueblo influya directamente en las decisiones del gobierno.<\/p>\n<p>&#8220;Yo creo que es importante que la gente decida\u2026 fortalecer la consulta p\u00fablica, lo que se llama la democracia participativa&#8221;, expres\u00f3 la titular del Ejecutivo, reiterando su apoyo a la creaci\u00f3n de m\u00e1s canales de intervenci\u00f3n directa para la poblaci\u00f3n.<\/p>\n<h3>Ampliaci\u00f3n de la participaci\u00f3n<\/h3>\n<p>Sheinbaum record\u00f3 que, en su iniciativa inicial de reforma electoral, hab\u00eda propuesto extender estas facultades de decisi\u00f3n no solamente a nivel federal, sino tambi\u00e9n a los \u00e1mbitos municipal y estatal, aclarando que este punto ser\u00e1 abordado en un momento futuro.<\/p>\n","protected":false},"excerpt":{"rendered":"<p>La presidenta Claudia Sheinbaum afirm\u00f3 que la figura de la revocaci\u00f3n de mandato otorga mayor poder a la ciudadan\u00eda, enmarc\u00e1ndola como un pilar de la&hellip;<\/p>\n","protected":false},"author":2,"featured_media":938,"comment_status":"open","ping_status":"open","sticky":false,"template":"","format":"standard","meta":{"footnotes":""},"categories":[252,290],"tags":[13,814,813,14,305],"class_list":["post-937","post","type-post","status-publish","format-standard","has-post-thumbnail","hentry","category-agenda-nacional","category-sociedad-y-cultura","tag-claudia-sheinbaum","tag-consulta-publica","tag-democracia-participativa","tag-reforma-electoral","tag-revocacion-de-mandato"],"_links":{"self":[{"href":"https:\/\/eldiariorepublicamx.com\/index.php?rest_route=\/wp\/v2\/posts\/937","targetHints":{"allow":["GET"]}}],"collection":[{"href":"https:\/\/eldiariorepublicamx.com\/index.php?rest_route=\/wp\/v2\/posts"}],"about":[{"href":"https:\/\/eldiariorepublicamx.com\/index.php?rest_route=\/wp\/v2\/types\/post"}],"author":[{"embeddable":true,"href":"https:\/\/eldiariorepublicamx.com\/index.php?rest_route=\/wp\/v2\/users\/2"}],"replies":[{"embeddable":true,"href":"https:\/\/eldiariorepublicamx.com\/index.php?rest_route=%2Fwp%2Fv2%2Fcomments&post=937"}],"version-history":[{"count":0,"href":"https:\/\/eldiariorepublicamx.com\/index.php?rest_route=\/wp\/v2\/posts\/937\/revisions"}],"wp:featuredmedia":[{"embeddable":true,"href":"https:\/\/eldiariorepublicamx.com\/index.php?rest_route=\/wp\/v2\/media\/938"}],"wp:attachment":[{"href":"https:\/\/eldiariorepublicamx.com\/index.php?rest_route=%2Fwp%2Fv2%2Fmedia&parent=937"}],"wp:term":[{"taxonomy":"category","embeddable":true,"href":"https:\/\/eldiariorepublicamx.com\/index.php?rest_route=%2Fwp%2Fv2%2Fcategories&post=937"},{"taxonomy":"post_tag","embeddable":true,"href":"https:\/\/eldiariorepublicamx.com\/index.php?rest_route=%2Fwp%2Fv2%2Ftags&post=937"}],"curies":[{"name":"wp","href":"https:\/\/api.w.org\/{rel}","templated":true}]}}