{"id":926,"date":"2026-04-09T08:25:38","date_gmt":"2026-04-09T14:25:38","guid":{"rendered":"https:\/\/eldiariorepublicamx.com\/?p=926"},"modified":"2026-04-09T08:25:38","modified_gmt":"2026-04-09T14:25:38","slug":"en-vivo-desde-palacio-nacional-la-presidenta-sheinbaum-encabeza-la-conferencia-matutina-de-este-miercoles","status":"publish","type":"post","link":"https:\/\/eldiariorepublicamx.com\/?p=926","title":{"rendered":"En vivo desde Palacio Nacional: la presidenta Sheinbaum encabeza la conferencia matutina de este mi\u00e9rcoles"},"content":{"rendered":"<p>La presidenta Claudia Sheinbaum Pardo dirige la edici\u00f3n de este mi\u00e9rcoles de la conferencia de prensa matutina, conocida como &#8216;La Ma\u00f1anera del Pueblo&#8217;, transmitida en vivo desde Palacio Nacional.<\/p>\n<h3>Encuentro con los medios<\/h3>\n<p>La mandataria federal se re\u00fane con representantes de diversos medios de comunicaci\u00f3n para abordar los temas de la agenda nacional y dar seguimiento a los asuntos de gobierno.<\/p>\n","protected":false},"excerpt":{"rendered":"<p>La presidenta Claudia Sheinbaum Pardo dirige la edici\u00f3n de este mi\u00e9rcoles de la conferencia de prensa matutina, conocida como &#8216;La Ma\u00f1anera del Pueblo&#8217;, transmitida en&hellip;<\/p>\n","protected":false},"author":2,"featured_media":0,"comment_status":"open","ping_status":"open","sticky":false,"template":"","format":"standard","meta":{"footnotes":""},"categories":[251],"tags":[13,426,404,17,801],"class_list":["post-926","post","type-post","status-publish","format-standard","hentry","category-la-mananera-en-breve","tag-claudia-sheinbaum","tag-conferencia","tag-mananera","tag-palacio-nacional","tag-presidenta"],"_links":{"self":[{"href":"https:\/\/eldiariorepublicamx.com\/index.php?rest_route=\/wp\/v2\/posts\/926","targetHints":{"allow":["GET"]}}],"collection":[{"href":"https:\/\/eldiariorepublicamx.com\/index.php?rest_route=\/wp\/v2\/posts"}],"about":[{"href":"https:\/\/eldiariorepublicamx.com\/index.php?rest_route=\/wp\/v2\/types\/post"}],"author":[{"embeddable":true,"href":"https:\/\/eldiariorepublicamx.com\/index.php?rest_route=\/wp\/v2\/users\/2"}],"replies":[{"embeddable":true,"href":"https:\/\/eldiariorepublicamx.com\/index.php?rest_route=%2Fwp%2Fv2%2Fcomments&post=926"}],"version-history":[{"count":0,"href":"https:\/\/eldiariorepublicamx.com\/index.php?rest_route=\/wp\/v2\/posts\/926\/revisions"}],"wp:attachment":[{"href":"https:\/\/eldiariorepublicamx.com\/index.php?rest_route=%2Fwp%2Fv2%2Fmedia&parent=926"}],"wp:term":[{"taxonomy":"category","embeddable":true,"href":"https:\/\/eldiariorepublicamx.com\/index.php?rest_route=%2Fwp%2Fv2%2Fcategories&post=926"},{"taxonomy":"post_tag","embeddable":true,"href":"https:\/\/eldiariorepublicamx.com\/index.php?rest_route=%2Fwp%2Fv2%2Ftags&post=926"}],"curies":[{"name":"wp","href":"https:\/\/api.w.org\/{rel}","templated":true}]}}