{"id":921,"date":"2026-04-08T18:05:43","date_gmt":"2026-04-09T00:05:43","guid":{"rendered":"https:\/\/eldiariorepublicamx.com\/?p=921"},"modified":"2026-04-08T18:05:43","modified_gmt":"2026-04-09T00:05:43","slug":"sheinbaum-lanza-una-estrategia-para-que-el-gas-que-consumen-las-familias-mexicanas-sea-de-produccion-nacional","status":"publish","type":"post","link":"https:\/\/eldiariorepublicamx.com\/?p=921","title":{"rendered":"Sheinbaum lanza una estrategia para que el gas que consumen las familias mexicanas sea de producci\u00f3n nacional"},"content":{"rendered":"\n<p>La presidenta Claudia Sheinbaum present\u00f3 este 8 de abril una estrategia energ\u00e9tica que impactar\u00e1 directamente en la estabilidad de las familias mexicanas. El objetivo: aumentar la producci\u00f3n nacional de gas natural para reducir la dependencia del exterior, que hoy alcanza el 75%.<\/p>\n\n\n\n<p><strong>\u00bfQu\u00e9 significa esto para tu hogar?<\/strong><strong><br><\/strong>El gas natural es el que llega a tu cocina, pero tambi\u00e9n el que se usa para generar la electricidad de tu casa. Si M\u00e9xico produce m\u00e1s, los precios son m\u00e1s estables y no estamos a merced de lo que pase en otros pa\u00edses. La presidenta Sheinbaum lo dijo claro: depender de fuera es un riesgo, y vamos a cambiarlo.<\/p>\n\n\n\n<p><strong>\u00bfC\u00f3mo lo van a hacer?<\/strong><strong><br><\/strong>En la Ma\u00f1anera del Pueblo se explic\u00f3 que el plan tiene dos ejes. Primero: aumentar el uso de energ\u00edas limpias, buscando que para 2030 el 38% de la electricidad sea renovable. Segundo: aprovechar los yacimientos de gas que M\u00e9xico tiene y que hoy no estamos usando.&nbsp;<\/p>\n\n\n\n<p><strong>Lo que viene<\/strong><strong><br><\/strong>El consumo de gas en M\u00e9xico va a subir 30% en los pr\u00f3ximos a\u00f1os. Nuevas plantas el\u00e9ctricas, m\u00e1s industria y m\u00e1s producci\u00f3n de fertilizantes lo requieren. Con este plan, la presidenta Sheinbaum garantiza que M\u00e9xico est\u00e9 preparado. M\u00e1s producci\u00f3n nacional, menos importaciones. Eso es pensar en las familias.<\/p>\n","protected":false},"excerpt":{"rendered":"<p>La presidenta Claudia Sheinbaum present\u00f3 este 8 de abril una estrategia energ\u00e9tica que impactar\u00e1 directamente en la estabilidad de las familias mexicanas. El objetivo: aumentar&hellip;<\/p>\n","protected":false},"author":5,"featured_media":922,"comment_status":"open","ping_status":"open","sticky":false,"template":"","format":"standard","meta":{"footnotes":""},"categories":[251],"tags":[13,404,45,18,288],"class_list":["post-921","post","type-post","status-publish","format-standard","has-post-thumbnail","hentry","category-la-mananera-en-breve","tag-claudia-sheinbaum","tag-mananera","tag-mexico","tag-morena","tag-sheinbaum"],"_links":{"self":[{"href":"https:\/\/eldiariorepublicamx.com\/index.php?rest_route=\/wp\/v2\/posts\/921","targetHints":{"allow":["GET"]}}],"collection":[{"href":"https:\/\/eldiariorepublicamx.com\/index.php?rest_route=\/wp\/v2\/posts"}],"about":[{"href":"https:\/\/eldiariorepublicamx.com\/index.php?rest_route=\/wp\/v2\/types\/post"}],"author":[{"embeddable":true,"href":"https:\/\/eldiariorepublicamx.com\/index.php?rest_route=\/wp\/v2\/users\/5"}],"replies":[{"embeddable":true,"href":"https:\/\/eldiariorepublicamx.com\/index.php?rest_route=%2Fwp%2Fv2%2Fcomments&post=921"}],"version-history":[{"count":1,"href":"https:\/\/eldiariorepublicamx.com\/index.php?rest_route=\/wp\/v2\/posts\/921\/revisions"}],"predecessor-version":[{"id":923,"href":"https:\/\/eldiariorepublicamx.com\/index.php?rest_route=\/wp\/v2\/posts\/921\/revisions\/923"}],"wp:featuredmedia":[{"embeddable":true,"href":"https:\/\/eldiariorepublicamx.com\/index.php?rest_route=\/wp\/v2\/media\/922"}],"wp:attachment":[{"href":"https:\/\/eldiariorepublicamx.com\/index.php?rest_route=%2Fwp%2Fv2%2Fmedia&parent=921"}],"wp:term":[{"taxonomy":"category","embeddable":true,"href":"https:\/\/eldiariorepublicamx.com\/index.php?rest_route=%2Fwp%2Fv2%2Fcategories&post=921"},{"taxonomy":"post_tag","embeddable":true,"href":"https:\/\/eldiariorepublicamx.com\/index.php?rest_route=%2Fwp%2Fv2%2Ftags&post=921"}],"curies":[{"name":"wp","href":"https:\/\/api.w.org\/{rel}","templated":true}]}}