{"id":917,"date":"2026-04-08T14:08:43","date_gmt":"2026-04-08T20:08:43","guid":{"rendered":"https:\/\/eldiariorepublicamx.com\/?p=917"},"modified":"2026-04-08T14:08:50","modified_gmt":"2026-04-08T20:08:50","slug":"ocho-de-cada-10-mexicanos-aprobamos-el-trabajo-de-nuestra-presidenta-encuesta-de-factometrica-y-reporte-indigo-confirma-el-mejor-nivel-de-aprobacion-de-sheinbaum","status":"publish","type":"post","link":"https:\/\/eldiariorepublicamx.com\/?p=917","title":{"rendered":"Ocho de cada 10 mexicanos aprobamos el trabajo de nuestra presidenta: encuesta de FactoM\u00e9trica y Reporte \u00cdndigo confirma el mejor nivel de aprobaci\u00f3n de Sheinbaum"},"content":{"rendered":"\n<p>La aprobaci\u00f3n ciudadana de la presidenta <strong>Claudia Sheinbaum<\/strong> subi\u00f3 a <strong>79.5% en marzo de 2026, su nivel m\u00e1s alto desde que inici\u00f3 su gobierno<\/strong>, de acuerdo con la m\u00e1s reciente encuesta de FactoM\u00e9trica en colaboraci\u00f3n con Reporte \u00cdndigo, publicada el 7 de abril.<\/p>\n\n\n\n<p>Para las familias mexicanas que d\u00eda a d\u00eda trabajan, cuidan y sacan adelante su hogar, el mensaje es claro: <strong>ocho de cada 10 mexicanos aprobamos el trabajo de nuestra presidenta<\/strong>.<\/p>\n\n\n\n<p><strong>Un gobierno que s\u00ed llega a las familias<\/strong><\/p>\n\n\n\n<p>Los n\u00fameros lo dicen: <strong>los programas sociales y apoyos directos son el logro m\u00e1s reconocido del gobierno<\/strong>, con 50.8% de los encuestados se\u00f1alandolos como el principal avance. La Transformaci\u00f3n est\u00e1 llegando a quienes m\u00e1s lo necesitan, y las familias lo sienten.<\/p>\n\n\n\n<p>En educaci\u00f3n y becas, <strong>el 82.3% valora positivamente el trabajo del gobierno<\/strong>. En igualdad de g\u00e9nero y derechos de las mujeres, esa cifra sube al <strong>85.4%<\/strong>. En programas sociales, al <strong>88.4%<\/strong>. Cifras que reflejan un gobierno que trabaja para todas y todos.<\/p>\n\n\n\n<p><strong>Nuestra presidenta: cercana, honesta y capaz<\/strong><\/p>\n\n\n\n<p><strong>El 78% de los mexicanos considera que la presidenta Sheinbaum es una persona honesta<\/strong>. El 71.4% la ve cercana a las preocupaciones de la gente \u2014 de las familias reales, de las mujeres que trabajan, de quienes m\u00e1s necesitan que alguien en el poder los escuche.<\/p>\n\n\n\n<p><strong>El pa\u00eds avanza, y las familias lo notan<\/strong><\/p>\n\n\n\n<p><strong>El 52% de los mexicanos considera que el pa\u00eds est\u00e1 mejor<\/strong> desde que Claudia Sheinbaum tom\u00f3 la presidencia. El <strong>69.3% cree que vamos por buen rumbo<\/strong> y el <strong>76.7% se siente optimista<\/strong> frente al futuro. Para las familias que construyen este pa\u00eds todos los d\u00edas: hay razones concretas para confiar en lo que viene.<\/p>\n","protected":false},"excerpt":{"rendered":"<p>La aprobaci\u00f3n ciudadana de la presidenta Claudia Sheinbaum subi\u00f3 a 79.5% en marzo de 2026, su nivel m\u00e1s alto desde que inici\u00f3 su gobierno, de&hellip;<\/p>\n","protected":false},"author":5,"featured_media":918,"comment_status":"open","ping_status":"open","sticky":false,"template":"","format":"standard","meta":{"footnotes":""},"categories":[251],"tags":[13,96,45,18],"class_list":["post-917","post","type-post","status-publish","format-standard","has-post-thumbnail","hentry","category-la-mananera-en-breve","tag-claudia-sheinbaum","tag-gobierno-federal","tag-mexico","tag-morena"],"_links":{"self":[{"href":"https:\/\/eldiariorepublicamx.com\/index.php?rest_route=\/wp\/v2\/posts\/917","targetHints":{"allow":["GET"]}}],"collection":[{"href":"https:\/\/eldiariorepublicamx.com\/index.php?rest_route=\/wp\/v2\/posts"}],"about":[{"href":"https:\/\/eldiariorepublicamx.com\/index.php?rest_route=\/wp\/v2\/types\/post"}],"author":[{"embeddable":true,"href":"https:\/\/eldiariorepublicamx.com\/index.php?rest_route=\/wp\/v2\/users\/5"}],"replies":[{"embeddable":true,"href":"https:\/\/eldiariorepublicamx.com\/index.php?rest_route=%2Fwp%2Fv2%2Fcomments&post=917"}],"version-history":[{"count":1,"href":"https:\/\/eldiariorepublicamx.com\/index.php?rest_route=\/wp\/v2\/posts\/917\/revisions"}],"predecessor-version":[{"id":919,"href":"https:\/\/eldiariorepublicamx.com\/index.php?rest_route=\/wp\/v2\/posts\/917\/revisions\/919"}],"wp:featuredmedia":[{"embeddable":true,"href":"https:\/\/eldiariorepublicamx.com\/index.php?rest_route=\/wp\/v2\/media\/918"}],"wp:attachment":[{"href":"https:\/\/eldiariorepublicamx.com\/index.php?rest_route=%2Fwp%2Fv2%2Fmedia&parent=917"}],"wp:term":[{"taxonomy":"category","embeddable":true,"href":"https:\/\/eldiariorepublicamx.com\/index.php?rest_route=%2Fwp%2Fv2%2Fcategories&post=917"},{"taxonomy":"post_tag","embeddable":true,"href":"https:\/\/eldiariorepublicamx.com\/index.php?rest_route=%2Fwp%2Fv2%2Ftags&post=917"}],"curies":[{"name":"wp","href":"https:\/\/api.w.org\/{rel}","templated":true}]}}