{"id":908,"date":"2026-04-08T10:27:43","date_gmt":"2026-04-08T16:27:43","guid":{"rendered":"https:\/\/eldiariorepublicamx.com\/?p=908"},"modified":"2026-04-08T10:27:43","modified_gmt":"2026-04-08T16:27:43","slug":"presidenta-claudia-sheinbaum-encabeza-la-conferencia-matutina-desde-palacio-nacional-este-miercoles","status":"publish","type":"post","link":"https:\/\/eldiariorepublicamx.com\/?p=908","title":{"rendered":"Presidenta Claudia Sheinbaum encabeza la conferencia matutina desde Palacio Nacional este mi\u00e9rcoles"},"content":{"rendered":"<p>La presidenta de M\u00e9xico, Claudia Sheinbaum Pardo, conduce este mi\u00e9rcoles 8 de abril de 2026 la emisi\u00f3n de la conferencia de prensa matutina conocida como &#8216;La Ma\u00f1anera del Pueblo&#8217;, transmitida desde Palacio Nacional.<\/p>\n<h3>Transmisi\u00f3n en curso<\/h3>\n<p>El evento se encuentra en desarrollo y abordar\u00e1 los asuntos de mayor relevancia para la naci\u00f3n. La transmisi\u00f3n permite a la ciudadan\u00eda seguir de manera directa las declaraciones y anuncios de la mandataria.<\/p>\n<h3>Espacio informativo diario<\/h3>\n<p>Este espacio, que se realiza de forma habitual, sirve como un canal de comunicaci\u00f3n directa entre el gobierno federal y el pueblo de M\u00e9xico, informando sobre las acciones y decisiones de la administraci\u00f3n.<\/p>\n","protected":false},"excerpt":{"rendered":"<p>La presidenta de M\u00e9xico, Claudia Sheinbaum Pardo, conduce este mi\u00e9rcoles 8 de abril de 2026 la emisi\u00f3n de la conferencia de prensa matutina conocida como&hellip;<\/p>\n","protected":false},"author":2,"featured_media":909,"comment_status":"open","ping_status":"open","sticky":false,"template":"","format":"standard","meta":{"footnotes":""},"categories":[251],"tags":[13,793,17],"class_list":["post-908","post","type-post","status-publish","format-standard","has-post-thumbnail","hentry","category-la-mananera-en-breve","tag-claudia-sheinbaum","tag-la-mananera-del-pueblo","tag-palacio-nacional"],"_links":{"self":[{"href":"https:\/\/eldiariorepublicamx.com\/index.php?rest_route=\/wp\/v2\/posts\/908","targetHints":{"allow":["GET"]}}],"collection":[{"href":"https:\/\/eldiariorepublicamx.com\/index.php?rest_route=\/wp\/v2\/posts"}],"about":[{"href":"https:\/\/eldiariorepublicamx.com\/index.php?rest_route=\/wp\/v2\/types\/post"}],"author":[{"embeddable":true,"href":"https:\/\/eldiariorepublicamx.com\/index.php?rest_route=\/wp\/v2\/users\/2"}],"replies":[{"embeddable":true,"href":"https:\/\/eldiariorepublicamx.com\/index.php?rest_route=%2Fwp%2Fv2%2Fcomments&post=908"}],"version-history":[{"count":0,"href":"https:\/\/eldiariorepublicamx.com\/index.php?rest_route=\/wp\/v2\/posts\/908\/revisions"}],"wp:featuredmedia":[{"embeddable":true,"href":"https:\/\/eldiariorepublicamx.com\/index.php?rest_route=\/wp\/v2\/media\/909"}],"wp:attachment":[{"href":"https:\/\/eldiariorepublicamx.com\/index.php?rest_route=%2Fwp%2Fv2%2Fmedia&parent=908"}],"wp:term":[{"taxonomy":"category","embeddable":true,"href":"https:\/\/eldiariorepublicamx.com\/index.php?rest_route=%2Fwp%2Fv2%2Fcategories&post=908"},{"taxonomy":"post_tag","embeddable":true,"href":"https:\/\/eldiariorepublicamx.com\/index.php?rest_route=%2Fwp%2Fv2%2Ftags&post=908"}],"curies":[{"name":"wp","href":"https:\/\/api.w.org\/{rel}","templated":true}]}}