{"id":902,"date":"2026-04-08T10:27:35","date_gmt":"2026-04-08T16:27:35","guid":{"rendered":"https:\/\/eldiariorepublicamx.com\/?p=902"},"modified":"2026-04-08T10:27:35","modified_gmt":"2026-04-08T16:27:35","slug":"conferencia-matutina-de-la-presidenta-sheinbaum-desde-palacio-nacional","status":"publish","type":"post","link":"https:\/\/eldiariorepublicamx.com\/?p=902","title":{"rendered":"Conferencia matutina de la presidenta Sheinbaum desde Palacio Nacional"},"content":{"rendered":"<p>Este mi\u00e9rcoles 8 de abril, la presidenta de M\u00e9xico, Claudia Sheinbaum, encabez\u00f3 su conferencia de prensa matutina desde Palacio Nacional, manteniendo el di\u00e1logo con los medios de comunicaci\u00f3n nacionales.<\/p>\n<h3>Horario de la transmisi\u00f3n<\/h3>\n<p>El evento dio inicio a las 09:21 horas del mi\u00e9rcoles 8 de abril de 2026.<\/p>\n<h3>Contenido relacionado en el portal<\/h3>\n<p>El sitio web donde se public\u00f3 la nota tambi\u00e9n incluye una secci\u00f3n de columnas de opini\u00f3n de autores como Carlos Miguel Ramos Linares, Fernando Maldonado y Jes\u00fas Olmos, as\u00ed como un espacio dedicado a deportes a cargo de Luis Palacios.<\/p>\n","protected":false},"excerpt":{"rendered":"<p>Este mi\u00e9rcoles 8 de abril, la presidenta de M\u00e9xico, Claudia Sheinbaum, encabez\u00f3 su conferencia de prensa matutina desde Palacio Nacional, manteniendo el di\u00e1logo con los&hellip;<\/p>\n","protected":false},"author":2,"featured_media":903,"comment_status":"open","ping_status":"open","sticky":false,"template":"","format":"standard","meta":{"footnotes":""},"categories":[252],"tags":[13,788,17,428],"class_list":["post-902","post","type-post","status-publish","format-standard","has-post-thumbnail","hentry","category-agenda-nacional","tag-claudia-sheinbaum","tag-conferencia-matutina","tag-palacio-nacional","tag-prensa"],"_links":{"self":[{"href":"https:\/\/eldiariorepublicamx.com\/index.php?rest_route=\/wp\/v2\/posts\/902","targetHints":{"allow":["GET"]}}],"collection":[{"href":"https:\/\/eldiariorepublicamx.com\/index.php?rest_route=\/wp\/v2\/posts"}],"about":[{"href":"https:\/\/eldiariorepublicamx.com\/index.php?rest_route=\/wp\/v2\/types\/post"}],"author":[{"embeddable":true,"href":"https:\/\/eldiariorepublicamx.com\/index.php?rest_route=\/wp\/v2\/users\/2"}],"replies":[{"embeddable":true,"href":"https:\/\/eldiariorepublicamx.com\/index.php?rest_route=%2Fwp%2Fv2%2Fcomments&post=902"}],"version-history":[{"count":0,"href":"https:\/\/eldiariorepublicamx.com\/index.php?rest_route=\/wp\/v2\/posts\/902\/revisions"}],"wp:featuredmedia":[{"embeddable":true,"href":"https:\/\/eldiariorepublicamx.com\/index.php?rest_route=\/wp\/v2\/media\/903"}],"wp:attachment":[{"href":"https:\/\/eldiariorepublicamx.com\/index.php?rest_route=%2Fwp%2Fv2%2Fmedia&parent=902"}],"wp:term":[{"taxonomy":"category","embeddable":true,"href":"https:\/\/eldiariorepublicamx.com\/index.php?rest_route=%2Fwp%2Fv2%2Fcategories&post=902"},{"taxonomy":"post_tag","embeddable":true,"href":"https:\/\/eldiariorepublicamx.com\/index.php?rest_route=%2Fwp%2Fv2%2Ftags&post=902"}],"curies":[{"name":"wp","href":"https:\/\/api.w.org\/{rel}","templated":true}]}}