{"id":900,"date":"2026-04-08T10:27:32","date_gmt":"2026-04-08T16:27:32","guid":{"rendered":"https:\/\/eldiariorepublicamx.com\/?p=900"},"modified":"2026-04-08T10:27:32","modified_gmt":"2026-04-08T16:27:32","slug":"presidenta-sheinbaum-confirma-rescate-de-segundo-trabajador-con-vida-en-mina-de-sinaloa","status":"publish","type":"post","link":"https:\/\/eldiariorepublicamx.com\/?p=900","title":{"rendered":"Presidenta Sheinbaum confirma rescate de segundo trabajador con vida en mina de Sinaloa"},"content":{"rendered":"<p>La presidenta Claudia Sheinbaum anunci\u00f3 un hallazgo favorable en las labores de rescate en la mina Santa F\u00e9, ubicada en Rosario, Sinaloa, donde se confirm\u00f3 que un segundo minero atrapado fue localizado con vida.<\/p>\n<h3>Atenci\u00f3n continua a la emergencia<\/h3>\n<p>La mandataria detall\u00f3 que el trabajador fue encontrado despu\u00e9s de aproximadamente trece d\u00edas de permanecer atrapado junto a otros cuatro compa\u00f1eros. &#8220;Una noticia incre\u00edble. Ayer fue rescatado, bueno, todav\u00eda est\u00e1 en la mina, pero fue encontrado con vida uno de los mineros de la Mina Santa F\u00e9 en el Rosario Sinaloa&#8221;, expres\u00f3 Sheinbaum.<\/p>\n<p>Agreg\u00f3 que las operaciones de b\u00fasqueda y auxilio no se han detenido desde el inicio del incidente. &#8220;No ha parado el rescate desde el primer momento y ayer despu\u00e9s de trece d\u00edas se encontr\u00f3 a uno de los mineros con vida todav\u00eda&#8221;, se\u00f1al\u00f3.<\/p>\n<h3>Desaf\u00edos en la operaci\u00f3n de extracci\u00f3n<\/h3>\n<p>Explic\u00f3 que la extracci\u00f3n inmediata del trabajador no ha sido posible debido a las condiciones del sitio. &#8220;Todav\u00eda no lo pueden sacar porque fueron buzos quienes se metieron a un lugar donde hab\u00eda mucha agua. Est\u00e1n esperando al bombeo de agua para poder sacar al minero&#8221;, precis\u00f3 la presidenta.<\/p>\n<p>En el mismo lugar donde se hall\u00f3 a este minero con vida, tambi\u00e9n se localiz\u00f3 el cuerpo sin vida de uno de sus compa\u00f1eros. Seg\u00fan la informaci\u00f3n proporcionada, a\u00fan resta por localizar a un trabajador m\u00e1s, por lo que las tareas de b\u00fasqueda contin\u00faan en el lugar.<\/p>\n","protected":false},"excerpt":{"rendered":"<p>La presidenta Claudia Sheinbaum anunci\u00f3 un hallazgo favorable en las labores de rescate en la mina Santa F\u00e9, ubicada en Rosario, Sinaloa, donde se confirm\u00f3&hellip;<\/p>\n","protected":false},"author":2,"featured_media":901,"comment_status":"open","ping_status":"open","sticky":false,"template":"","format":"standard","meta":{"footnotes":""},"categories":[252,290],"tags":[786,787,273,288,4],"class_list":["post-900","post","type-post","status-publish","format-standard","has-post-thumbnail","hentry","category-agenda-nacional","category-sociedad-y-cultura","tag-mina","tag-minero","tag-rescate","tag-sheinbaum","tag-sinaloa"],"_links":{"self":[{"href":"https:\/\/eldiariorepublicamx.com\/index.php?rest_route=\/wp\/v2\/posts\/900","targetHints":{"allow":["GET"]}}],"collection":[{"href":"https:\/\/eldiariorepublicamx.com\/index.php?rest_route=\/wp\/v2\/posts"}],"about":[{"href":"https:\/\/eldiariorepublicamx.com\/index.php?rest_route=\/wp\/v2\/types\/post"}],"author":[{"embeddable":true,"href":"https:\/\/eldiariorepublicamx.com\/index.php?rest_route=\/wp\/v2\/users\/2"}],"replies":[{"embeddable":true,"href":"https:\/\/eldiariorepublicamx.com\/index.php?rest_route=%2Fwp%2Fv2%2Fcomments&post=900"}],"version-history":[{"count":0,"href":"https:\/\/eldiariorepublicamx.com\/index.php?rest_route=\/wp\/v2\/posts\/900\/revisions"}],"wp:featuredmedia":[{"embeddable":true,"href":"https:\/\/eldiariorepublicamx.com\/index.php?rest_route=\/wp\/v2\/media\/901"}],"wp:attachment":[{"href":"https:\/\/eldiariorepublicamx.com\/index.php?rest_route=%2Fwp%2Fv2%2Fmedia&parent=900"}],"wp:term":[{"taxonomy":"category","embeddable":true,"href":"https:\/\/eldiariorepublicamx.com\/index.php?rest_route=%2Fwp%2Fv2%2Fcategories&post=900"},{"taxonomy":"post_tag","embeddable":true,"href":"https:\/\/eldiariorepublicamx.com\/index.php?rest_route=%2Fwp%2Fv2%2Ftags&post=900"}],"curies":[{"name":"wp","href":"https:\/\/api.w.org\/{rel}","templated":true}]}}