{"id":90,"date":"2026-03-18T12:41:55","date_gmt":"2026-03-18T18:41:55","guid":{"rendered":"https:\/\/eldiariorepublicamx.com\/?p=90"},"modified":"2026-03-18T12:41:55","modified_gmt":"2026-03-18T18:41:55","slug":"consejeria-juridica-envia-fe-de-erratas-al-senado-para-corregir-omision-en-reforma-electoral-sobre-paridad-de-genero","status":"publish","type":"post","link":"https:\/\/eldiariorepublicamx.com\/?p=90","title":{"rendered":"Consejer\u00eda Jur\u00eddica env\u00eda fe de erratas al Senado para corregir omisi\u00f3n en reforma electoral sobre paridad de g\u00e9nero"},"content":{"rendered":"<p>La Consejer\u00eda Jur\u00eddica del Ejecutivo Federal envi\u00f3 este martes una fe de erratas al Senado de la Rep\u00fablica para corregir una omisi\u00f3n en la iniciativa de reforma constitucional en materia electoral presentada por la presidenta Claudia Sheinbaum, espec\u00edficamente en torno al principio de paridad de g\u00e9nero en la integraci\u00f3n de ayuntamientos. La correcci\u00f3n fue notificada horas despu\u00e9s de que se present\u00f3 la propuesta y tras fuertes cr\u00edticas de la oposici\u00f3n por la eliminaci\u00f3n inadvertida del t\u00e9rmino &#8220;principio de paridad&#8221; en el art\u00edculo 115 constitucional.<\/p>\n<h3>Correcci\u00f3n tras cr\u00edticas pol\u00edticas<\/h3>\n<p>La iniciativa original modificaba el art\u00edculo 115 para reducir el n\u00famero de integrantes de los ayuntamientos, estableciendo que cada municipio ser\u00eda gobernado por un Ayuntamiento integrado por un presidente o presidenta municipal, una sindicatura y entre siete y quince regidur\u00edas. Sin embargo, en la redacci\u00f3n enviada inicialmente se omiti\u00f3 la frase &#8220;de conformidad con el principio de paridad&#8221;, lo que gener\u00f3 reacciones inmediatas de l\u00edderes opositores como Alito Moreno, dirigente del PRI, y la diputada panista Kenia L\u00f3pez Rabad\u00e1n.<\/p>\n<p>Mal\u00fa Micher, presidenta de la Comisi\u00f3n para la Igualdad de G\u00e9nero, se\u00f1al\u00f3 que el error fue involuntario y subray\u00f3 que la mandataria ha sido una firme defensora de la paridad, por lo que la correcci\u00f3n era necesaria y urgente.<\/p>\n<h3>Recepci\u00f3n y tr\u00e1mite en el Senado<\/h3>\n<p>La presidenta del Senado, Laura Itzel Castillo, confirm\u00f3 a trav\u00e9s de redes sociales la recepci\u00f3n del oficio enviado por el Consejero Adjunto de Legislaci\u00f3n y Estudios Normativos de la Consejer\u00eda Jur\u00eddica del Ejecutivo Federal. En el documento se reconoce expl\u00edcitamente &#8220;una omisi\u00f3n respecto a la paridad de g\u00e9nero en la iniciativa de reforma en materia electoral&#8221;.<\/p>\n<blockquote><p>&#8220;una omisi\u00f3n respecto a la paridad de g\u00e9nero en la iniciativa de reforma en materia electoral&#8221;<\/p><\/blockquote>\n<p>Castillo indic\u00f3 que el oficio fue turnado de inmediato a las Comisiones Unidas de Puntos Constitucionales y Estudios Legislativos, encabezadas por los senadores Oscar Cant\u00f3n Zetina y Enrique Inzunza, para su an\u00e1lisis y seguimiento dentro del proceso legislativo.<\/p>\n","protected":false},"excerpt":{"rendered":"<p>La Consejer\u00eda Jur\u00eddica del Ejecutivo Federal envi\u00f3 este martes una fe de erratas al Senado de la Rep\u00fablica para corregir una omisi\u00f3n en la iniciativa&hellip;<\/p>\n","protected":false},"author":2,"featured_media":91,"comment_status":"open","ping_status":"open","sticky":false,"template":"","format":"standard","meta":{"footnotes":""},"categories":[52],"tags":[79,13,75,80,78,77,14,76],"class_list":["post-90","post","type-post","status-publish","format-standard","has-post-thumbnail","hentry","category-economia","tag-articulo-115","tag-claudia-sheinbaum","tag-consejeria-juridica","tag-erratas","tag-laura-itzel-castillo","tag-paridad-de-genero","tag-reforma-electoral","tag-senado"],"_links":{"self":[{"href":"https:\/\/eldiariorepublicamx.com\/index.php?rest_route=\/wp\/v2\/posts\/90","targetHints":{"allow":["GET"]}}],"collection":[{"href":"https:\/\/eldiariorepublicamx.com\/index.php?rest_route=\/wp\/v2\/posts"}],"about":[{"href":"https:\/\/eldiariorepublicamx.com\/index.php?rest_route=\/wp\/v2\/types\/post"}],"author":[{"embeddable":true,"href":"https:\/\/eldiariorepublicamx.com\/index.php?rest_route=\/wp\/v2\/users\/2"}],"replies":[{"embeddable":true,"href":"https:\/\/eldiariorepublicamx.com\/index.php?rest_route=%2Fwp%2Fv2%2Fcomments&post=90"}],"version-history":[{"count":0,"href":"https:\/\/eldiariorepublicamx.com\/index.php?rest_route=\/wp\/v2\/posts\/90\/revisions"}],"wp:featuredmedia":[{"embeddable":true,"href":"https:\/\/eldiariorepublicamx.com\/index.php?rest_route=\/wp\/v2\/media\/91"}],"wp:attachment":[{"href":"https:\/\/eldiariorepublicamx.com\/index.php?rest_route=%2Fwp%2Fv2%2Fmedia&parent=90"}],"wp:term":[{"taxonomy":"category","embeddable":true,"href":"https:\/\/eldiariorepublicamx.com\/index.php?rest_route=%2Fwp%2Fv2%2Fcategories&post=90"},{"taxonomy":"post_tag","embeddable":true,"href":"https:\/\/eldiariorepublicamx.com\/index.php?rest_route=%2Fwp%2Fv2%2Ftags&post=90"}],"curies":[{"name":"wp","href":"https:\/\/api.w.org\/{rel}","templated":true}]}}