{"id":898,"date":"2026-04-08T10:27:31","date_gmt":"2026-04-08T16:27:31","guid":{"rendered":"https:\/\/eldiariorepublicamx.com\/?p=898"},"modified":"2026-04-08T10:27:31","modified_gmt":"2026-04-08T16:27:31","slug":"sheinbaum-considera-positiva-tregua-entre-eu-e-iran-durante-conferencia-matutina","status":"publish","type":"post","link":"https:\/\/eldiariorepublicamx.com\/?p=898","title":{"rendered":"Sheinbaum considera positiva tregua entre EU e Ir\u00e1n durante conferencia matutina"},"content":{"rendered":"<p>Durante su conferencia de prensa habitual este mi\u00e9rcoles, la presidenta Claudia Sheinbaum destac\u00f3 como positivo el cese temporal de hostilidades acordado entre Estados Unidos e Ir\u00e1n. La mandataria, quien se dirigi\u00f3 a la naci\u00f3n desde Ciudad de M\u00e9xico, enfatiz\u00f3 que este paso de dos semanas contribuye a la tranquilidad mundial y tiene repercusiones econ\u00f3micas favorables para M\u00e9xico.<\/p>\n<h3>Beneficios para la estabilidad global y nacional<\/h3>\n<p>Sheinbaum se\u00f1al\u00f3 que el acuerdo representa un avance hacia la estabilidad internacional y, en particular, un alivio para la econom\u00eda del pa\u00eds. <\/p>\n<blockquote><p>\u201cReduce tensiones globales y beneficia al pa\u00eds\u201d,<\/p><\/blockquote>\n<p> afirm\u00f3 la presidenta durante el evento conocido como La Ma\u00f1anera del Pueblo.<\/p>\n<h3>Informaci\u00f3n sobre incidente minero en Sinaloa<\/h3>\n<p>En otro tema abordado en la transmisi\u00f3n, la jefa del Ejecutivo inform\u00f3 sobre el hallazgo del tercer trabajador atrapado en la mina Santa Fe, ubicada en la comunidad de Chele, perteneciente al municipio de El Rosario, en el estado de Sinaloa. Desafortunadamente, se confirm\u00f3 que la persona fue encontrada sin vida.<\/p>\n<p>La transmisi\u00f3n en vivo de la conferencia matutina de la presidenta Sheinbaum contin\u00faa disponible a trav\u00e9s de diversas plataformas digitales para el seguimiento de la poblaci\u00f3n.<\/p>\n","protected":false},"excerpt":{"rendered":"<p>Durante su conferencia de prensa habitual este mi\u00e9rcoles, la presidenta Claudia Sheinbaum destac\u00f3 como positivo el cese temporal de hostilidades acordado entre Estados Unidos e&hellip;<\/p>\n","protected":false},"author":2,"featured_media":899,"comment_status":"open","ping_status":"open","sticky":false,"template":"","format":"standard","meta":{"footnotes":""},"categories":[53,252],"tags":[13,785,205,783,404,786,4,784],"class_list":["post-898","post","type-post","status-publish","format-standard","has-post-thumbnail","hentry","category-agenda-internacional","category-agenda-nacional","tag-claudia-sheinbaum","tag-conferencia-de-prensa","tag-estados-unidos","tag-iran","tag-mananera","tag-mina","tag-sinaloa","tag-tregua"],"_links":{"self":[{"href":"https:\/\/eldiariorepublicamx.com\/index.php?rest_route=\/wp\/v2\/posts\/898","targetHints":{"allow":["GET"]}}],"collection":[{"href":"https:\/\/eldiariorepublicamx.com\/index.php?rest_route=\/wp\/v2\/posts"}],"about":[{"href":"https:\/\/eldiariorepublicamx.com\/index.php?rest_route=\/wp\/v2\/types\/post"}],"author":[{"embeddable":true,"href":"https:\/\/eldiariorepublicamx.com\/index.php?rest_route=\/wp\/v2\/users\/2"}],"replies":[{"embeddable":true,"href":"https:\/\/eldiariorepublicamx.com\/index.php?rest_route=%2Fwp%2Fv2%2Fcomments&post=898"}],"version-history":[{"count":0,"href":"https:\/\/eldiariorepublicamx.com\/index.php?rest_route=\/wp\/v2\/posts\/898\/revisions"}],"wp:featuredmedia":[{"embeddable":true,"href":"https:\/\/eldiariorepublicamx.com\/index.php?rest_route=\/wp\/v2\/media\/899"}],"wp:attachment":[{"href":"https:\/\/eldiariorepublicamx.com\/index.php?rest_route=%2Fwp%2Fv2%2Fmedia&parent=898"}],"wp:term":[{"taxonomy":"category","embeddable":true,"href":"https:\/\/eldiariorepublicamx.com\/index.php?rest_route=%2Fwp%2Fv2%2Fcategories&post=898"},{"taxonomy":"post_tag","embeddable":true,"href":"https:\/\/eldiariorepublicamx.com\/index.php?rest_route=%2Fwp%2Fv2%2Ftags&post=898"}],"curies":[{"name":"wp","href":"https:\/\/api.w.org\/{rel}","templated":true}]}}