{"id":892,"date":"2026-04-08T10:27:22","date_gmt":"2026-04-08T16:27:22","guid":{"rendered":"https:\/\/eldiariorepublicamx.com\/?p=892"},"modified":"2026-04-08T10:27:22","modified_gmt":"2026-04-08T16:27:22","slug":"mexico-celebra-el-alto-al-fuego-entre-estados-unidos-e-iran-como-un-beneficio-global-y-economico","status":"publish","type":"post","link":"https:\/\/eldiariorepublicamx.com\/?p=892","title":{"rendered":"M\u00e9xico celebra el alto al fuego entre Estados Unidos e Ir\u00e1n como un beneficio global y econ\u00f3mico"},"content":{"rendered":"<p>La presidenta de M\u00e9xico, Claudia Sheinbaum Pardo, celebr\u00f3 este mi\u00e9rcoles 8 de abril el acuerdo de alto el fuego alcanzado entre Estados Unidos e Ir\u00e1n, destacando sus beneficios para la paz internacional y la econom\u00eda global.<\/p>\n<h3>Impacto positivo en la paz mundial<\/h3>\n<p>Durante su conferencia matutina, la mandataria mexicana calific\u00f3 el cese de hostilidades como un desarrollo favorable para la regi\u00f3n de Medio Oriente y para todo el planeta.<\/p>\n<p>Sheinbaum recalc\u00f3 que existe un consenso mundial en favor de lograr una paz duradera entre ambas naciones, se\u00f1alando que &#8220;El mundo entero reconoce estas dos semanas que se dieron ayer entre Ir\u00e1n y Estados Unidos. Creo que el mundo entero en este momento est\u00e1 buscando que haya paz en Ir\u00e1n, en el Medio Oriente y en el mundo&#8221;.<\/p>\n<h3>Beneficios econ\u00f3micos para M\u00e9xico<\/h3>\n<p>La mandataria explic\u00f3 que esta hist\u00f3rica pausa en el conflicto tiene repercusiones econ\u00f3micas positivas a escala internacional, y tambi\u00e9n para el pa\u00eds.<\/p>\n<p>Afirm\u00f3 que &#8220;Es algo bueno para el pa\u00eds tambi\u00e9n porque han bajado los precios del petr\u00f3leo&#8221;, vinculando la reducci\u00f3n de las tensiones b\u00e9licas con una mejora directa en los indicadores macroecon\u00f3micos.<\/p>\n<h3>Postura diplom\u00e1tica de M\u00e9xico<\/h3>\n<p>Con esta declaraci\u00f3n, el gobierno mexicano reafirma su posici\u00f3n de que los conflictos internacionales deben resolverse mediante el di\u00e1logo y la diplomacia.<\/p>\n<p>M\u00e9xico prioriza la soluci\u00f3n pac\u00edfica de controversias y rechaza cualquier escalada de violencia que amenace la seguridad y el bienestar de las poblaciones civiles.<\/p>\n","protected":false},"excerpt":{"rendered":"<p>La presidenta de M\u00e9xico, Claudia Sheinbaum Pardo, celebr\u00f3 este mi\u00e9rcoles 8 de abril el acuerdo de alto el fuego alcanzado entre Estados Unidos e Ir\u00e1n,&hellip;<\/p>\n","protected":false},"author":2,"featured_media":893,"comment_status":"open","ping_status":"open","sticky":false,"template":"","format":"standard","meta":{"footnotes":""},"categories":[53,252],"tags":[782,205,783,281,288],"class_list":["post-892","post","type-post","status-publish","format-standard","has-post-thumbnail","hentry","category-agenda-internacional","category-agenda-nacional","tag-alto-el-fuego","tag-estados-unidos","tag-iran","tag-petroleo","tag-sheinbaum"],"_links":{"self":[{"href":"https:\/\/eldiariorepublicamx.com\/index.php?rest_route=\/wp\/v2\/posts\/892","targetHints":{"allow":["GET"]}}],"collection":[{"href":"https:\/\/eldiariorepublicamx.com\/index.php?rest_route=\/wp\/v2\/posts"}],"about":[{"href":"https:\/\/eldiariorepublicamx.com\/index.php?rest_route=\/wp\/v2\/types\/post"}],"author":[{"embeddable":true,"href":"https:\/\/eldiariorepublicamx.com\/index.php?rest_route=\/wp\/v2\/users\/2"}],"replies":[{"embeddable":true,"href":"https:\/\/eldiariorepublicamx.com\/index.php?rest_route=%2Fwp%2Fv2%2Fcomments&post=892"}],"version-history":[{"count":0,"href":"https:\/\/eldiariorepublicamx.com\/index.php?rest_route=\/wp\/v2\/posts\/892\/revisions"}],"wp:featuredmedia":[{"embeddable":true,"href":"https:\/\/eldiariorepublicamx.com\/index.php?rest_route=\/wp\/v2\/media\/893"}],"wp:attachment":[{"href":"https:\/\/eldiariorepublicamx.com\/index.php?rest_route=%2Fwp%2Fv2%2Fmedia&parent=892"}],"wp:term":[{"taxonomy":"category","embeddable":true,"href":"https:\/\/eldiariorepublicamx.com\/index.php?rest_route=%2Fwp%2Fv2%2Fcategories&post=892"},{"taxonomy":"post_tag","embeddable":true,"href":"https:\/\/eldiariorepublicamx.com\/index.php?rest_route=%2Fwp%2Fv2%2Ftags&post=892"}],"curies":[{"name":"wp","href":"https:\/\/api.w.org\/{rel}","templated":true}]}}