{"id":884,"date":"2026-04-07T13:07:23","date_gmt":"2026-04-07T19:07:23","guid":{"rendered":"https:\/\/eldiariorepublicamx.com\/?p=884"},"modified":"2026-04-07T13:08:08","modified_gmt":"2026-04-07T19:08:08","slug":"la-credencial-universal-de-salud-ya-tiene-fecha-lo-que-necesitas-saber-para-registrar-a-tu-familiar-mayor","status":"publish","type":"post","link":"https:\/\/eldiariorepublicamx.com\/?p=884","title":{"rendered":"\u00a0La Credencial Universal de Salud ya tiene fecha: lo que necesitas saber para registrar a tu familiar mayor"},"content":{"rendered":"\n<p>La presidenta Claudia Sheinbaum tom\u00f3 hoy una decisi\u00f3n que va a cambiar la vida de millones de familias: desde Palacio Nacional, anunci\u00f3 el arranque de la <strong>Credencial Universal de Salud<\/strong>, la puerta de entrada a un sistema de salud que por fin trabaja para todas.<\/p>\n\n\n\n<p><strong>\u00bfQu\u00e9 es esta credencial y qu\u00e9 cambia en la vida de tu familiar?<\/strong><\/p>\n\n\n\n<p>La <strong>Credencial Universal de Salud<\/strong> permite atenderse en el IMSS, el ISSSTE o el IMSS Bienestar sin importar a cu\u00e1l instituci\u00f3n est\u00e9s afiliada, en el centro de salud m\u00e1s cercano a casa. Menos traslados, m\u00e1s acceso real. Lo que durante d\u00e9cadas fue una deuda del sistema p\u00fablico de salud con las familias mexicanas, hoy empieza a resolverse. Adem\u00e1s, desde el primer d\u00eda funciona como <strong>identificaci\u00f3n oficial<\/strong> para bancos, servicios y Programas de Bienestar.<\/p>\n\n\n\n<p><strong>\u00bfCu\u00e1ndo y c\u00f3mo se hace el registro?<\/strong><\/p>\n\n\n\n<p>Del <strong>13 al 30 de abril<\/strong>, adultos mayores de <strong>85 a\u00f1os o m\u00e1s<\/strong> pueden registrarse en m\u00f3dulos de la Secretar\u00eda de Bienestar, de lunes a s\u00e1bado de 9:00 a 17:00 horas, seg\u00fan la letra inicial de su primer apellido. Si acompa\u00f1as a tu familiar, tambi\u00e9n puedes registrarte t\u00fa en el mismo tr\u00e1mite. Encuentra tu m\u00f3dulo en <strong>gob.mx\/bienestar<\/strong>.<\/p>\n\n\n\n<p><strong>\u00bfQu\u00e9 documentos necesita llevar tu familiar?<\/strong><\/p>\n\n\n\n<ul class=\"wp-block-list\">\n<li>Identificaci\u00f3n oficial con foto (INE, pasaporte, c\u00e9dula profesional o cartilla militar)<\/li>\n\n\n\n<li>Acta de nacimiento o certificado de nacionalidad<\/li>\n\n\n\n<li>CURP certificada<\/li>\n\n\n\n<li>Comprobante de domicilio reciente (m\u00e1ximo 6 meses)<\/li>\n\n\n\n<li>Tel\u00e9fono de contacto<\/li>\n<\/ul>\n\n\n\n<p><strong>\u00bfQu\u00e9 beneficios llegan y cu\u00e1ndo?<\/strong><\/p>\n\n\n\n<p>A partir de <strong>enero de 2027<\/strong> arrancan los primeros servicios compartidos entre instituciones: urgencias, embarazos de alto riesgo, infartos, <strong>c\u00e1ncer de mama<\/strong>, continuidad de tratamientos complejos y vacunaci\u00f3n universal. Todo acompa\u00f1ado de una app con expediente m\u00e9dico digital y orientaci\u00f3n personalizada con inteligencia artificial.<\/p>\n\n\n\n<p>La universalizaci\u00f3n del diagn\u00f3stico y tratamiento de <strong>c\u00e1ncer de mama<\/strong> es uno de los anuncios m\u00e1s relevantes de la presidenta Sheinbaum: a partir de 2027, cualquier mujer podr\u00e1 hacerse mastograf\u00eda, biopsia y recibir tratamiento en la unidad m\u00e1s cercana, sin importar su afiliaci\u00f3n. Un avance que las mujeres mexicanas merec\u00edan desde hace mucho.En los pr\u00f3ximos d\u00edas se publicar\u00e1 el <strong>Decreto Presidencial<\/strong> que crea formalmente el Servicio Universal de Salud. Con este paso, el gobierno de Claudia Sheinbaum cumple una promesa central de la Transformaci\u00f3n: que la salud deje de depender de d\u00f3nde trabajas o a qu\u00e9 instituci\u00f3n perteneces, y sea un derecho garantizado para todo el pueblo de M\u00e9xico.<\/p>\n","protected":false},"excerpt":{"rendered":"<p>La presidenta Claudia Sheinbaum tom\u00f3 hoy una decisi\u00f3n que va a cambiar la vida de millones de familias: desde Palacio Nacional, anunci\u00f3 el arranque de&hellip;<\/p>\n","protected":false},"author":5,"featured_media":885,"comment_status":"open","ping_status":"open","sticky":false,"template":"","format":"standard","meta":{"footnotes":""},"categories":[252,251],"tags":[13,96,404,45,18],"class_list":["post-884","post","type-post","status-publish","format-standard","has-post-thumbnail","hentry","category-agenda-nacional","category-la-mananera-en-breve","tag-claudia-sheinbaum","tag-gobierno-federal","tag-mananera","tag-mexico","tag-morena"],"_links":{"self":[{"href":"https:\/\/eldiariorepublicamx.com\/index.php?rest_route=\/wp\/v2\/posts\/884","targetHints":{"allow":["GET"]}}],"collection":[{"href":"https:\/\/eldiariorepublicamx.com\/index.php?rest_route=\/wp\/v2\/posts"}],"about":[{"href":"https:\/\/eldiariorepublicamx.com\/index.php?rest_route=\/wp\/v2\/types\/post"}],"author":[{"embeddable":true,"href":"https:\/\/eldiariorepublicamx.com\/index.php?rest_route=\/wp\/v2\/users\/5"}],"replies":[{"embeddable":true,"href":"https:\/\/eldiariorepublicamx.com\/index.php?rest_route=%2Fwp%2Fv2%2Fcomments&post=884"}],"version-history":[{"count":1,"href":"https:\/\/eldiariorepublicamx.com\/index.php?rest_route=\/wp\/v2\/posts\/884\/revisions"}],"predecessor-version":[{"id":886,"href":"https:\/\/eldiariorepublicamx.com\/index.php?rest_route=\/wp\/v2\/posts\/884\/revisions\/886"}],"wp:featuredmedia":[{"embeddable":true,"href":"https:\/\/eldiariorepublicamx.com\/index.php?rest_route=\/wp\/v2\/media\/885"}],"wp:attachment":[{"href":"https:\/\/eldiariorepublicamx.com\/index.php?rest_route=%2Fwp%2Fv2%2Fmedia&parent=884"}],"wp:term":[{"taxonomy":"category","embeddable":true,"href":"https:\/\/eldiariorepublicamx.com\/index.php?rest_route=%2Fwp%2Fv2%2Fcategories&post=884"},{"taxonomy":"post_tag","embeddable":true,"href":"https:\/\/eldiariorepublicamx.com\/index.php?rest_route=%2Fwp%2Fv2%2Ftags&post=884"}],"curies":[{"name":"wp","href":"https:\/\/api.w.org\/{rel}","templated":true}]}}