{"id":88,"date":"2026-03-18T12:41:54","date_gmt":"2026-03-18T18:41:54","guid":{"rendered":"https:\/\/eldiariorepublicamx.com\/?p=88"},"modified":"2026-03-18T12:41:54","modified_gmt":"2026-03-18T18:41:54","slug":"calendario-tentativo-de-pagos-de-la-beca-rita-cetina-de-abril-2026-revela-depositos-por-letra-de-apellido","status":"publish","type":"post","link":"https:\/\/eldiariorepublicamx.com\/?p=88","title":{"rendered":"Calendario tentativo de pagos de la Beca Rita Cetina de abril 2026 revela dep\u00f3sitos por letra de apellido"},"content":{"rendered":"<p>La Secretar\u00eda de Educaci\u00f3n P\u00fablica (SEP) dio a conocer el calendario tentativo de pagos de la Beca Rita Cetina correspondiente a abril de 2026, que incluye el segundo dep\u00f3sito del a\u00f1o para estudiantes de Secundaria y un pago \u00fanico anual para alumnos de Primaria. Los beneficiarios de Secundaria recibir\u00e1n 1,900 pesos, correspondientes a los meses de marzo y abril, mientras que los de Primaria obtendr\u00e1n un monto \u00fanico de 2,500 pesos durante este ciclo escolar.<\/p>\n<h3>Fechas tentativas de pago por letra de apellido<\/h3>\n<p>El calendario oficial a\u00fan no ha sido confirmado, pero se prev\u00e9 que los dep\u00f3sitos comiencen el mi\u00e9rcoles 1 de abril, organizados por la letra inicial del apellido del beneficiario. El orden comenzar\u00eda con los apellidos que empiezan con &#8220;A&#8221;, siguiendo una distribuci\u00f3n escalonada para evitar aglomeraciones. En febrero se registraron retrasos en los pagos, por lo que no se descarta que en abril vuelvan a presentarse demoras.<\/p>\n<ul>\n<li>1 de abril: apellidos con letra A<\/li>\n<li>2 de abril: apellidos con letra B<\/li>\n<li>3 de abril: apellidos con letra C<\/li>\n<li>6 de abril: apellidos con letra C<\/li>\n<li>7 de abril: apellidos con letras D, E, F<\/li>\n<li>8 de abril: apellidos con letra G<\/li>\n<li>9 de abril: apellidos con letra G<\/li>\n<li>10 de abril: apellidos con letras H, I, J, K<\/li>\n<li>13 de abril: apellidos con letra L<\/li>\n<li>14 de abril: apellidos con letra M<\/li>\n<li>15 de abril: apellidos con letra M<\/li>\n<li>16 de abril: apellidos con letras N, \u00d1, O<\/li>\n<li>17 de abril: apellidos con letras P, Q<\/li>\n<li>20 de abril: apellidos con letra R<\/li>\n<li>21 de abril: apellidos con letra R<\/li>\n<li>22 de abril: apellidos con letra S<\/li>\n<li>23 de abril: apellidos con letras T, U, V<\/li>\n<li>24 de abril: apellidos con letras W, X, Y, Z<\/li>\n<\/ul>\n<h3>Entrega de tarjetas en escuelas y canales oficiales de informaci\u00f3n<\/h3>\n<p>La entrega de las tarjetas del programa, incluyendo la Tarjeta Bienestar para beneficiarios de la Beca Benito Ju\u00e1rez, se realizar\u00e1 directamente en las escuelas para evitar concentraciones en bancos. Las fechas y lugares espec\u00edficos ser\u00e1n comunicados a trav\u00e9s de cada plantel educativo, de forma escalonada.<\/p>\n<p>La Coordinaci\u00f3n de Becas exhort\u00f3 a estudiantes y padres de familia a mantenerse informados \u00fanicamente a trav\u00e9s de los canales oficiales de WhatsApp del gobierno estatal, donde se difundir\u00e1n las actualizaciones por escuela. <\/p>\n<blockquote><p>&#8220;Ah\u00ed te enteras de volada&#8221;<\/p><\/blockquote>\n<p>, afirm\u00f3 la dependencia, haciendo hincapi\u00e9 en la importancia de evitar rumores y desinformaci\u00f3n.<\/p>\n","protected":false},"excerpt":{"rendered":"<p>La Secretar\u00eda de Educaci\u00f3n P\u00fablica (SEP) dio a conocer el calendario tentativo de pagos de la Beca Rita Cetina correspondiente a abril de 2026, que&hellip;<\/p>\n","protected":false},"author":2,"featured_media":89,"comment_status":"open","ping_status":"open","sticky":false,"template":"","format":"standard","meta":{"footnotes":""},"categories":[52],"tags":[66,74,69,70,68,71,72,67,73],"class_list":["post-88","post","type-post","status-publish","format-standard","has-post-thumbnail","hentry","category-economia","tag-beca-rita-cetina","tag-becas","tag-calendario","tag-estudiantes","tag-pagos","tag-primaria","tag-secundaria","tag-sep","tag-tarjeta-bienestar"],"_links":{"self":[{"href":"https:\/\/eldiariorepublicamx.com\/index.php?rest_route=\/wp\/v2\/posts\/88","targetHints":{"allow":["GET"]}}],"collection":[{"href":"https:\/\/eldiariorepublicamx.com\/index.php?rest_route=\/wp\/v2\/posts"}],"about":[{"href":"https:\/\/eldiariorepublicamx.com\/index.php?rest_route=\/wp\/v2\/types\/post"}],"author":[{"embeddable":true,"href":"https:\/\/eldiariorepublicamx.com\/index.php?rest_route=\/wp\/v2\/users\/2"}],"replies":[{"embeddable":true,"href":"https:\/\/eldiariorepublicamx.com\/index.php?rest_route=%2Fwp%2Fv2%2Fcomments&post=88"}],"version-history":[{"count":0,"href":"https:\/\/eldiariorepublicamx.com\/index.php?rest_route=\/wp\/v2\/posts\/88\/revisions"}],"wp:featuredmedia":[{"embeddable":true,"href":"https:\/\/eldiariorepublicamx.com\/index.php?rest_route=\/wp\/v2\/media\/89"}],"wp:attachment":[{"href":"https:\/\/eldiariorepublicamx.com\/index.php?rest_route=%2Fwp%2Fv2%2Fmedia&parent=88"}],"wp:term":[{"taxonomy":"category","embeddable":true,"href":"https:\/\/eldiariorepublicamx.com\/index.php?rest_route=%2Fwp%2Fv2%2Fcategories&post=88"},{"taxonomy":"post_tag","embeddable":true,"href":"https:\/\/eldiariorepublicamx.com\/index.php?rest_route=%2Fwp%2Fv2%2Ftags&post=88"}],"curies":[{"name":"wp","href":"https:\/\/api.w.org\/{rel}","templated":true}]}}