{"id":863,"date":"2026-04-07T10:25:53","date_gmt":"2026-04-07T16:25:53","guid":{"rendered":"https:\/\/eldiariorepublicamx.com\/?p=863"},"modified":"2026-04-07T10:25:53","modified_gmt":"2026-04-07T16:25:53","slug":"transmision-en-vivo-de-la-conferencia-matutina-de-la-presidenta-sheinbaum-desde-palacio-nacional","status":"publish","type":"post","link":"https:\/\/eldiariorepublicamx.com\/?p=863","title":{"rendered":"Transmisi\u00f3n en vivo de la conferencia matutina de la presidenta Sheinbaum desde Palacio Nacional"},"content":{"rendered":"<p>La presidenta de M\u00e9xico, Claudia Sheinbaum Pardo, conduce su conferencia de prensa matutina, conocida como &#8216;Ma\u00f1anera del Pueblo&#8217;, este martes 7 de abril de 2026. El evento es transmitido en vivo desde las instalaciones de Palacio Nacional en la Ciudad de M\u00e9xico.<\/p>\n<h3>Difusi\u00f3n de la informaci\u00f3n gubernamental<\/h3>\n<p>Este formato de comunicaci\u00f3n, establecido durante la Cuarta Transformaci\u00f3n, contin\u00faa como un espacio para informar directamente al pueblo sobre las acciones y decisiones del gobierno federal.<\/p>\n","protected":false},"excerpt":{"rendered":"<p>La presidenta de M\u00e9xico, Claudia Sheinbaum Pardo, conduce su conferencia de prensa matutina, conocida como &#8216;Ma\u00f1anera del Pueblo&#8217;, este martes 7 de abril de 2026.&hellip;<\/p>\n","protected":false},"author":2,"featured_media":864,"comment_status":"open","ping_status":"open","sticky":false,"template":"","format":"standard","meta":{"footnotes":""},"categories":[252],"tags":[13,426,404,17,761],"class_list":["post-863","post","type-post","status-publish","format-standard","has-post-thumbnail","hentry","category-agenda-nacional","tag-claudia-sheinbaum","tag-conferencia","tag-mananera","tag-palacio-nacional","tag-transmision"],"_links":{"self":[{"href":"https:\/\/eldiariorepublicamx.com\/index.php?rest_route=\/wp\/v2\/posts\/863","targetHints":{"allow":["GET"]}}],"collection":[{"href":"https:\/\/eldiariorepublicamx.com\/index.php?rest_route=\/wp\/v2\/posts"}],"about":[{"href":"https:\/\/eldiariorepublicamx.com\/index.php?rest_route=\/wp\/v2\/types\/post"}],"author":[{"embeddable":true,"href":"https:\/\/eldiariorepublicamx.com\/index.php?rest_route=\/wp\/v2\/users\/2"}],"replies":[{"embeddable":true,"href":"https:\/\/eldiariorepublicamx.com\/index.php?rest_route=%2Fwp%2Fv2%2Fcomments&post=863"}],"version-history":[{"count":0,"href":"https:\/\/eldiariorepublicamx.com\/index.php?rest_route=\/wp\/v2\/posts\/863\/revisions"}],"wp:featuredmedia":[{"embeddable":true,"href":"https:\/\/eldiariorepublicamx.com\/index.php?rest_route=\/wp\/v2\/media\/864"}],"wp:attachment":[{"href":"https:\/\/eldiariorepublicamx.com\/index.php?rest_route=%2Fwp%2Fv2%2Fmedia&parent=863"}],"wp:term":[{"taxonomy":"category","embeddable":true,"href":"https:\/\/eldiariorepublicamx.com\/index.php?rest_route=%2Fwp%2Fv2%2Fcategories&post=863"},{"taxonomy":"post_tag","embeddable":true,"href":"https:\/\/eldiariorepublicamx.com\/index.php?rest_route=%2Fwp%2Fv2%2Ftags&post=863"}],"curies":[{"name":"wp","href":"https:\/\/api.w.org\/{rel}","templated":true}]}}