{"id":861,"date":"2026-04-07T10:25:47","date_gmt":"2026-04-07T16:25:47","guid":{"rendered":"https:\/\/eldiariorepublicamx.com\/?p=861"},"modified":"2026-04-07T10:25:47","modified_gmt":"2026-04-07T16:25:47","slug":"claudia-sheinbaum-anuncia-creacion-del-servicio-universal-de-salud-y-calendario-para-credencializacion","status":"publish","type":"post","link":"https:\/\/eldiariorepublicamx.com\/?p=861","title":{"rendered":"Claudia Sheinbaum anuncia creaci\u00f3n del Servicio Universal de Salud y calendario para credencializaci\u00f3n"},"content":{"rendered":"<p>La presidenta Claudia Sheinbaum anunci\u00f3 este martes la publicaci\u00f3n inminente de un decreto para crear el Servicio Universal de Salud, una estrategia que integrar\u00e1 la infraestructura de las instituciones m\u00e9dicas p\u00fablicas del pa\u00eds, durante su conferencia matutina del 8 de abril. El objetivo, explic\u00f3, es que al t\u00e9rmino de su administraci\u00f3n cualquier ciudadano pueda atenderse en cualquier hospital del servicio p\u00fablico sin importar su afiliaci\u00f3n, aunque el proceso de credencializaci\u00f3n para 120 millones de personas llevar\u00e1 m\u00e1s de un a\u00f1o y sus beneficios principales comenzar\u00e1n a notarse en enero de 2027.<\/p>\n<p>La secretaria de Bienestar, Ariadna Montiel, detall\u00f3 el calendario de registro para obtener la nueva credencial, que iniciar\u00e1 el pr\u00f3ximo 13 de abril y se extender\u00e1 hasta el 30 del mismo mes, enfoc\u00e1ndose inicialmente en adultos mayores de 85 a\u00f1os. El registro se realizar\u00e1 en m\u00f3dulos ubicados en 21 ciudades capitales de las entidades federativas que ya est\u00e1n incorporadas al IMSS-Bienestar, con un horario de lunes a s\u00e1bado de 9:00 a 17:00 horas.<\/p>\n<h3>Detalles del registro y requisitos<\/h3>\n<p>Se espera credencializar a 100 millones de mexicanos de 0 a 100 a\u00f1os. Para facilitar el proceso, las personas que acompa\u00f1en a los adultos mayores tambi\u00e9n podr\u00e1n registrarse en la misma visita. Las ciudades donde comenzar\u00e1 el proceso son: Mexicali, La Paz, Campeche, Tuxtla Guti\u00e9rrez, Ciudad de M\u00e9xico (en sus 16 alcald\u00edas), Chilpancingo, Pachuca, Toluca, Morelia, Cuernavaca, Tepic, Oaxaca, Puebla, Chetumal, San Luis Potos\u00ed, Culiac\u00e1n, Hermosillo, Villahermosa, Ciudad Victoria, Tlaxcala, Xalapa, M\u00e9rida y Zacatecas.<\/p>\n<p>Los requisitos para el registro incluyen una identificaci\u00f3n oficial con fotograf\u00eda (como INE o pasaporte), acta de nacimiento, CURP certificada, comprobante de domicilio y un n\u00famero telef\u00f3nico de contacto. La credencial f\u00edsica se entregar\u00e1 seis semanas despu\u00e9s de realizado el tr\u00e1mite. El calendario por iniciales del apellido ser\u00e1: letras A y B los lunes 13 y 27 de abril; C el martes 14 y 28; D, E y F el mi\u00e9rcoles 15 y 29; G el jueves 16 y 30; H, I, J, K y L el viernes 17; rezagados de A a L el s\u00e1bado 18; M el lunes 20; N, \u00d1, O, P y Q el martes 21; R el mi\u00e9rcoles 22; S, T y U el jueves 23; V, W, X, Y y Z el viernes 24; y rezagados de M a Z el s\u00e1bado 25.<\/p>\n<h3>Caracter\u00edsticas y beneficios del servicio<\/h3>\n<p>Eduardo Clark, quien tambi\u00e9n particip\u00f3 en la presentaci\u00f3n, explic\u00f3 que el Servicio Universal de Salud permitir\u00e1 que toda la infraestructura, recursos e instituciones del IMSS, ISSSTE, IMSS-Bienestar y hospitales de Pemex operen como una sola entidad. La nueva credencial servir\u00e1 como identificaci\u00f3n oficial para tr\u00e1mites de programas de Bienestar y reemplazar\u00e1 gradualmente los carnets de las distintas instituciones, siendo el pase para acceder a la red integrada.<\/p>\n<p>A partir de enero de 2027 comenzar\u00e1 a operar el intercambio de servicios. Entre las garant\u00edas que ofrecer\u00e1 el sistema destacan: atenci\u00f3n a urgencias en cualquier hospital, con continuidad de la misma; atenci\u00f3n a embarazos de alto riesgo y emergencias obst\u00e9tricas; una red integrada para atender c\u00f3digos infarto y cerebro vascular; diagn\u00f3stico y atenci\u00f3n de c\u00e1ncer de mama en la unidad m\u00e1s cercana; continuidad de tratamientos m\u00e9dicos aunque las personas cambien de trabajo; y un plan para universalizar la vacunaci\u00f3n, permitiendo aplicarse las dosis necesarias en cualquier hospital p\u00fablico.<\/p>\n<p>Clark asegur\u00f3 que ha tomado mucho tiempo garantizar la viabilidad del proyecto en t\u00e9rminos de recursos y log\u00edstica. Para la segunda semana del semestre de 2027 se incluir\u00e1n otros servicios especializados como radioterapia, laboratorio e imagen. En 2028 se busca implementar el surtimiento universal de recetas m\u00e9dicas, el intercambio de consultas externas de especialidad y la atenci\u00f3n de primer nivel.<\/p>\n<h3>Aplicaci\u00f3n m\u00f3vil y avances en vacunaci\u00f3n<\/h3>\n<p>Se present\u00f3 tambi\u00e9n una aplicaci\u00f3n m\u00f3vil para el Servicio Universal de Salud donde las personas podr\u00e1n consultar la vigencia de sus derechos y su credencial digital en tiempo real, visualizar las unidades de salud y hospitales disponibles. A partir de 2027, la app incluir\u00e1 gesti\u00f3n de citas, informaci\u00f3n para servicios espec\u00edficos, historial m\u00e9dico y expediente digital, seguimiento del programa Salud Casa por Casa, herramientas de salud digital con inteligencia artificial y teleconsulta.<\/p>\n<p>Durante la conferencia se dio una actualizaci\u00f3n sobre la estrategia contra el sarampi\u00f3n. Clark inform\u00f3 que en los \u00faltimos d\u00edas se han detectado menos de 70 casos diarios, en comparaci\u00f3n con los 220 registrados en enero. En la \u00faltima semana se aplicaron 1.3 millones de vacunas, con una disminuci\u00f3n atribuida al periodo vacacional de Semana Santa, sumando m\u00e1s de 18 millones de dosis aplicadas en total. La poblaci\u00f3n objetivo para vacunarse son ni\u00f1os de 6 meses a 12 a\u00f1os y personas de 13 a 49 a\u00f1os que no recuerden haberse vacunado, pudiendo acudir a cualquiera de los 20 mil puntos de vacunaci\u00f3n en el pa\u00eds, consultables en dodnemevacuno.salud.gob.mx.<\/p>\n","protected":false},"excerpt":{"rendered":"<p>La presidenta Claudia Sheinbaum anunci\u00f3 este martes la publicaci\u00f3n inminente de un decreto para crear el Servicio Universal de Salud, una estrategia que integrar\u00e1 la&hellip;<\/p>\n","protected":false},"author":2,"featured_media":862,"comment_status":"open","ping_status":"open","sticky":false,"template":"","format":"standard","meta":{"footnotes":""},"categories":[252,290],"tags":[262,13,760,757,750],"class_list":["post-861","post","type-post","status-publish","format-standard","has-post-thumbnail","hentry","category-agenda-nacional","category-sociedad-y-cultura","tag-ariadna-montiel","tag-claudia-sheinbaum","tag-credencializacion","tag-salud-publica","tag-servicio-universal-de-salud"],"_links":{"self":[{"href":"https:\/\/eldiariorepublicamx.com\/index.php?rest_route=\/wp\/v2\/posts\/861","targetHints":{"allow":["GET"]}}],"collection":[{"href":"https:\/\/eldiariorepublicamx.com\/index.php?rest_route=\/wp\/v2\/posts"}],"about":[{"href":"https:\/\/eldiariorepublicamx.com\/index.php?rest_route=\/wp\/v2\/types\/post"}],"author":[{"embeddable":true,"href":"https:\/\/eldiariorepublicamx.com\/index.php?rest_route=\/wp\/v2\/users\/2"}],"replies":[{"embeddable":true,"href":"https:\/\/eldiariorepublicamx.com\/index.php?rest_route=%2Fwp%2Fv2%2Fcomments&post=861"}],"version-history":[{"count":0,"href":"https:\/\/eldiariorepublicamx.com\/index.php?rest_route=\/wp\/v2\/posts\/861\/revisions"}],"wp:featuredmedia":[{"embeddable":true,"href":"https:\/\/eldiariorepublicamx.com\/index.php?rest_route=\/wp\/v2\/media\/862"}],"wp:attachment":[{"href":"https:\/\/eldiariorepublicamx.com\/index.php?rest_route=%2Fwp%2Fv2%2Fmedia&parent=861"}],"wp:term":[{"taxonomy":"category","embeddable":true,"href":"https:\/\/eldiariorepublicamx.com\/index.php?rest_route=%2Fwp%2Fv2%2Fcategories&post=861"},{"taxonomy":"post_tag","embeddable":true,"href":"https:\/\/eldiariorepublicamx.com\/index.php?rest_route=%2Fwp%2Fv2%2Ftags&post=861"}],"curies":[{"name":"wp","href":"https:\/\/api.w.org\/{rel}","templated":true}]}}