{"id":859,"date":"2026-04-07T10:25:44","date_gmt":"2026-04-07T16:25:44","guid":{"rendered":"https:\/\/eldiariorepublicamx.com\/?p=859"},"modified":"2026-04-07T10:25:44","modified_gmt":"2026-04-07T16:25:44","slug":"presidenta-sheinbaum-anuncia-hoy-el-lanzamiento-del-servicio-universal-de-salud-en-conferencia-matutina","status":"publish","type":"post","link":"https:\/\/eldiariorepublicamx.com\/?p=859","title":{"rendered":"Presidenta Sheinbaum anuncia hoy el lanzamiento del Servicio Universal de Salud en conferencia matutina"},"content":{"rendered":"<p>La presidenta de M\u00e9xico, Claudia Sheinbaum Pardo, encabezar\u00e1 este lunes 6 de abril la conferencia &#8216;Las Ma\u00f1aneras del Pueblo&#8217;, donde dar\u00e1 a conocer los detalles del nuevo Servicio Universal de Salud. El evento se llevar\u00e1 a cabo a partir de las 07:30 horas desde el sal\u00f3n Tesorer\u00eda de Palacio Nacional.<\/p>\n<h3>Presentaci\u00f3n del programa de salud<\/h3>\n<p>En esta emisi\u00f3n de su conferencia de prensa habitual, la mandataria presentar\u00e1 formalmente el programa de salud, incluyendo el proceso de credencializaci\u00f3n y el plan para su implementaci\u00f3n a lo largo del actual sexenio.<\/p>\n<p>La transmisi\u00f3n en vivo del anuncio estar\u00e1 disponible para que la ciudadan\u00eda pueda seguir los detalles de esta pol\u00edtica p\u00fablica, una de las promesas centrales de la Cuarta Transformaci\u00f3n en materia de bienestar social.<\/p>\n","protected":false},"excerpt":{"rendered":"<p>La presidenta de M\u00e9xico, Claudia Sheinbaum Pardo, encabezar\u00e1 este lunes 6 de abril la conferencia &#8216;Las Ma\u00f1aneras del Pueblo&#8217;, donde dar\u00e1 a conocer los detalles&hellip;<\/p>\n","protected":false},"author":2,"featured_media":860,"comment_status":"open","ping_status":"open","sticky":false,"template":"","format":"standard","meta":{"footnotes":""},"categories":[252,290],"tags":[759,17,10,750,288],"class_list":["post-859","post","type-post","status-publish","format-standard","has-post-thumbnail","hentry","category-agenda-nacional","category-sociedad-y-cultura","tag-las-mananeras-del-pueblo","tag-palacio-nacional","tag-salud","tag-servicio-universal-de-salud","tag-sheinbaum"],"_links":{"self":[{"href":"https:\/\/eldiariorepublicamx.com\/index.php?rest_route=\/wp\/v2\/posts\/859","targetHints":{"allow":["GET"]}}],"collection":[{"href":"https:\/\/eldiariorepublicamx.com\/index.php?rest_route=\/wp\/v2\/posts"}],"about":[{"href":"https:\/\/eldiariorepublicamx.com\/index.php?rest_route=\/wp\/v2\/types\/post"}],"author":[{"embeddable":true,"href":"https:\/\/eldiariorepublicamx.com\/index.php?rest_route=\/wp\/v2\/users\/2"}],"replies":[{"embeddable":true,"href":"https:\/\/eldiariorepublicamx.com\/index.php?rest_route=%2Fwp%2Fv2%2Fcomments&post=859"}],"version-history":[{"count":0,"href":"https:\/\/eldiariorepublicamx.com\/index.php?rest_route=\/wp\/v2\/posts\/859\/revisions"}],"wp:featuredmedia":[{"embeddable":true,"href":"https:\/\/eldiariorepublicamx.com\/index.php?rest_route=\/wp\/v2\/media\/860"}],"wp:attachment":[{"href":"https:\/\/eldiariorepublicamx.com\/index.php?rest_route=%2Fwp%2Fv2%2Fmedia&parent=859"}],"wp:term":[{"taxonomy":"category","embeddable":true,"href":"https:\/\/eldiariorepublicamx.com\/index.php?rest_route=%2Fwp%2Fv2%2Fcategories&post=859"},{"taxonomy":"post_tag","embeddable":true,"href":"https:\/\/eldiariorepublicamx.com\/index.php?rest_route=%2Fwp%2Fv2%2Ftags&post=859"}],"curies":[{"name":"wp","href":"https:\/\/api.w.org\/{rel}","templated":true}]}}