{"id":857,"date":"2026-04-07T10:25:42","date_gmt":"2026-04-07T16:25:42","guid":{"rendered":"https:\/\/eldiariorepublicamx.com\/?p=857"},"modified":"2026-04-07T10:25:42","modified_gmt":"2026-04-07T16:25:42","slug":"sheinbaum-anuncia-decreto-para-servicio-universal-de-salud-en-conferencia-matutina","status":"publish","type":"post","link":"https:\/\/eldiariorepublicamx.com\/?p=857","title":{"rendered":"Sheinbaum anuncia decreto para Servicio Universal de Salud en conferencia matutina"},"content":{"rendered":"<p>La presidenta Claudia Sheinbaum anunci\u00f3 hoy, durante su conferencia de prensa matutina desde Palacio Nacional, la publicaci\u00f3n de un decreto para establecer el Servicio Universal de Salud, una medida que permitir\u00e1 a cualquier mexicano atenderse en cualquier instituci\u00f3n de salud p\u00fablica a partir de 2027.<\/p>\n<h3>Detalles del programa universal<\/h3>\n<p>La mandataria se\u00f1al\u00f3 que el decreto se publicar\u00e1 hoy o ma\u00f1ana, y calific\u00f3 el avance como un &#8220;paso hist\u00f3rico&#8221;. Explic\u00f3 que el proceso de credencializaci\u00f3n tomar\u00e1 m\u00e1s de un a\u00f1o debido al tama\u00f1o de la poblaci\u00f3n, pero los beneficios comenzar\u00e1n a notarse desde el 1 de enero de 2027 con la primera etapa de intercambio de servicios.<\/p>\n<p>Acompa\u00f1ada por miembros de su gabinete, Sheinbaum detall\u00f3 que el objetivo del sistema es garantizar la atenci\u00f3n m\u00e9dica universal al concluir su administraci\u00f3n.<\/p>\n<h3>Inicio del registro para la credencial<\/h3>\n<p>La secretaria del Bienestar, Ariadna Montiel, inform\u00f3 que el registro para obtener la credencial del Servicio Universal de Salud iniciar\u00e1 este mes, comenzando por adultos mayores de 85 a\u00f1os o m\u00e1s en 47 municipios del pa\u00eds, incluidas las 16 alcald\u00edas de la Ciudad de M\u00e9xico.<\/p>\n<p>El proceso de registro para este grupo, junto con sus cuidadores, se llevar\u00e1 a cabo del 13 al 30 de abril, instal\u00e1ndose m\u00e1s de dos mil m\u00f3dulos. La credencial f\u00edsica se entregar\u00e1 seis semanas despu\u00e9s del registro, siendo uno de los requisitos principales la CURP certificada.<\/p>\n<h3>Etapas de implementaci\u00f3n y servicios<\/h3>\n<p>Eduardo Clark, subsecretario de Salud, precis\u00f3 que la primera etapa del intercambio de servicios comenzar\u00e1 el 1 de enero de 2027, una vez concluido el proceso de credencializaci\u00f3n este a\u00f1o. La credencial servir\u00e1 como identificaci\u00f3n oficial y sustituir\u00e1 gradualmente el carnet.<\/p>\n<p>Los servicios iniciales que se intercambiar\u00e1n entre las instituciones de salud p\u00fablica incluyen: atenci\u00f3n universal a urgencias, atenci\u00f3n a embarazos de alto riesgo, c\u00f3digo infarto, c\u00f3digo cerebro, diagn\u00f3stico del c\u00e1ncer de mama, continuidad de tratamiento, vacunaci\u00f3n universal y consulta de atenci\u00f3n primaria.<\/p>\n<p>Para la segunda mitad de 2027 se ampliar\u00e1 el intercambio con servicios especializados como rayos X, laboratorio, imagen y radioterapia. En 2028 se extender\u00e1 al surtimiento universal de recetas m\u00e9dicas, consulta externa de especialidad y hospitalizaci\u00f3n referenciada, adem\u00e1s del primer nivel de atenci\u00f3n.<\/p>\n<h3>Avance en la lucha contra el sarampi\u00f3n<\/h3>\n<p>En otro tema de salud, el subsecretario Clark report\u00f3 que la propagaci\u00f3n del sarampi\u00f3n ha disminuido casi un 66% en las \u00faltimas seis semanas, registr\u00e1ndose menos de 70 casos diarios. &#8220;Del 12 de febrero a la fecha hemos aplicado 8.3 millones de vacunas y continuamos a la baja propagaci\u00f3n del sarampi\u00f3n&#8221;, coment\u00f3.<\/p>\n<p>Record\u00f3 que el momento de mayor transmisi\u00f3n se detect\u00f3 alrededor del 20 de febrero, con cerca de 220 casos nuevos al d\u00eda, e hizo un llamado a continuar con la vacunaci\u00f3n en grupos vulnerables para seguir reduciendo los riesgos.<\/p>\n","protected":false},"excerpt":{"rendered":"<p>La presidenta Claudia Sheinbaum anunci\u00f3 hoy, durante su conferencia de prensa matutina desde Palacio Nacional, la publicaci\u00f3n de un decreto para establecer el Servicio Universal&hellip;<\/p>\n","protected":false},"author":2,"featured_media":858,"comment_status":"open","ping_status":"open","sticky":false,"template":"","format":"standard","meta":{"footnotes":""},"categories":[252,290],"tags":[756,758,757,750,288],"class_list":["post-857","post","type-post","status-publish","format-standard","has-post-thumbnail","hentry","category-agenda-nacional","category-sociedad-y-cultura","tag-conferencia-mananera","tag-decreto","tag-salud-publica","tag-servicio-universal-de-salud","tag-sheinbaum"],"_links":{"self":[{"href":"https:\/\/eldiariorepublicamx.com\/index.php?rest_route=\/wp\/v2\/posts\/857","targetHints":{"allow":["GET"]}}],"collection":[{"href":"https:\/\/eldiariorepublicamx.com\/index.php?rest_route=\/wp\/v2\/posts"}],"about":[{"href":"https:\/\/eldiariorepublicamx.com\/index.php?rest_route=\/wp\/v2\/types\/post"}],"author":[{"embeddable":true,"href":"https:\/\/eldiariorepublicamx.com\/index.php?rest_route=\/wp\/v2\/users\/2"}],"replies":[{"embeddable":true,"href":"https:\/\/eldiariorepublicamx.com\/index.php?rest_route=%2Fwp%2Fv2%2Fcomments&post=857"}],"version-history":[{"count":0,"href":"https:\/\/eldiariorepublicamx.com\/index.php?rest_route=\/wp\/v2\/posts\/857\/revisions"}],"wp:featuredmedia":[{"embeddable":true,"href":"https:\/\/eldiariorepublicamx.com\/index.php?rest_route=\/wp\/v2\/media\/858"}],"wp:attachment":[{"href":"https:\/\/eldiariorepublicamx.com\/index.php?rest_route=%2Fwp%2Fv2%2Fmedia&parent=857"}],"wp:term":[{"taxonomy":"category","embeddable":true,"href":"https:\/\/eldiariorepublicamx.com\/index.php?rest_route=%2Fwp%2Fv2%2Fcategories&post=857"},{"taxonomy":"post_tag","embeddable":true,"href":"https:\/\/eldiariorepublicamx.com\/index.php?rest_route=%2Fwp%2Fv2%2Ftags&post=857"}],"curies":[{"name":"wp","href":"https:\/\/api.w.org\/{rel}","templated":true}]}}