{"id":855,"date":"2026-04-07T10:25:40","date_gmt":"2026-04-07T16:25:40","guid":{"rendered":"https:\/\/eldiariorepublicamx.com\/?p=855"},"modified":"2026-04-07T10:25:40","modified_gmt":"2026-04-07T16:25:40","slug":"gobernador-de-oaxaca-proyecta-triunfo-de-morena-en-elecciones-federales-de-2027","status":"publish","type":"post","link":"https:\/\/eldiariorepublicamx.com\/?p=855","title":{"rendered":"Gobernador de Oaxaca proyecta triunfo de Morena en elecciones federales de 2027"},"content":{"rendered":"<p>El gobernador de Oaxaca, Salom\u00f3n Jara Cruz, anunci\u00f3 durante su conferencia matutina que Morena derrotar\u00e1 a la oposici\u00f3n en los comicios federales del 2027. Este pron\u00f3stico se basa en una encuesta de la empresa Electoralia de marzo de 2026, que eval\u00faa la gesti\u00f3n de la presidenta Claudia Sheinbaum y la preferencia electoral.<\/p>\n<h3>Ventaja electoral seg\u00fan encuesta<\/h3>\n<p>El sondeo indica que Morena mantiene una ventaja considerable para la renovaci\u00f3n de la C\u00e1mara de Diputados, enfrentando a una oposici\u00f3n fragmentada y aliados con poco respaldo. Al preguntar por cu\u00e1l partido votar\u00edan si las elecciones fueran hoy, el 46% de los encuestados expres\u00f3 apoyo a Morena, mientras que el PAN aparece como segunda fuerza con el 20%. El PRI registra un 9%, Movimiento Ciudadano un 6%, y los partidos aliados de Morena, el Verde Ecologista y el PT, apenas alcanzan un 1% de apoyo cada uno.<\/p>\n<h3>La inc\u00f3gnita en Oaxaca<\/h3>\n<p>Sin embargo, la proyecci\u00f3n nacional genera dudas sobre si se replicar\u00e1 en Oaxaca durante los pr\u00f3ximos comicios federales, donde tambi\u00e9n habr\u00e1 elecciones para diputaciones locales y ayuntamientos. Estas dudas surgen a ra\u00edz de los resultados de la pasada jornada de Revocaci\u00f3n de Mandato del gobernador Jara Cruz.<\/p>\n<p>En ese proceso, aunque el mandatario obtuvo un respaldo mayoritario estatal para continuar, los datos distritales mostraron descontento en principales n\u00facleos urbanos y regiones emblem\u00e1ticas. El resultado fue adverso en dos distritos electorales federales: Huajuapan de Le\u00f3n y Oaxaca de Ju\u00e1rez, curiosamente designados en 2024 a partidos aliados de Morena.<\/p>\n<h3>Riesgo electoral en distritos clave<\/h3>\n<p>Tambi\u00e9n se registraron resultados desfavorables en seis distritos electorales locales: Ixtl\u00e1n de Ju\u00e1rez, Santa Luc\u00eda del Camino, Oaxaca de Ju\u00e1rez, Villa de Etla, Santa Cruz Xoxocotl\u00e1n y Santo Domingo Tehuantepec. En este contexto, donde fue notoria una falta de identificaci\u00f3n ciudadana con la denominada &#8220;Primavera Oaxaque\u00f1a&#8221;, se cuestiona si esta tendencia persistir\u00e1 en 2027 o si el electorado seguir\u00e1 la tendencia nacional al alza.<\/p>\n<p>Si la expresi\u00f3n del electorado oaxaque\u00f1o en las pr\u00f3ximas elecciones fuera similar a la de la jornada revocatoria, Morena correr\u00eda el riesgo de perder los dos distritos federales y los seis distritos locales donde los resultados fueron adversos, a menos que el gobernador haya logrado revertir esa tendencia negativa.<\/p>\n","protected":false},"excerpt":{"rendered":"<p>El gobernador de Oaxaca, Salom\u00f3n Jara Cruz, anunci\u00f3 durante su conferencia matutina que Morena derrotar\u00e1 a la oposici\u00f3n en los comicios federales del 2027. Este&hellip;<\/p>\n","protected":false},"author":2,"featured_media":856,"comment_status":"open","ping_status":"open","sticky":false,"template":"","format":"standard","meta":{"footnotes":""},"categories":[252],"tags":[131,755,18,753,754],"class_list":["post-855","post","type-post","status-publish","format-standard","has-post-thumbnail","hentry","category-agenda-nacional","tag-elecciones-2027","tag-encuesta-electoralia","tag-morena","tag-oaxaca","tag-salomon-jara-cruz"],"_links":{"self":[{"href":"https:\/\/eldiariorepublicamx.com\/index.php?rest_route=\/wp\/v2\/posts\/855","targetHints":{"allow":["GET"]}}],"collection":[{"href":"https:\/\/eldiariorepublicamx.com\/index.php?rest_route=\/wp\/v2\/posts"}],"about":[{"href":"https:\/\/eldiariorepublicamx.com\/index.php?rest_route=\/wp\/v2\/types\/post"}],"author":[{"embeddable":true,"href":"https:\/\/eldiariorepublicamx.com\/index.php?rest_route=\/wp\/v2\/users\/2"}],"replies":[{"embeddable":true,"href":"https:\/\/eldiariorepublicamx.com\/index.php?rest_route=%2Fwp%2Fv2%2Fcomments&post=855"}],"version-history":[{"count":0,"href":"https:\/\/eldiariorepublicamx.com\/index.php?rest_route=\/wp\/v2\/posts\/855\/revisions"}],"wp:featuredmedia":[{"embeddable":true,"href":"https:\/\/eldiariorepublicamx.com\/index.php?rest_route=\/wp\/v2\/media\/856"}],"wp:attachment":[{"href":"https:\/\/eldiariorepublicamx.com\/index.php?rest_route=%2Fwp%2Fv2%2Fmedia&parent=855"}],"wp:term":[{"taxonomy":"category","embeddable":true,"href":"https:\/\/eldiariorepublicamx.com\/index.php?rest_route=%2Fwp%2Fv2%2Fcategories&post=855"},{"taxonomy":"post_tag","embeddable":true,"href":"https:\/\/eldiariorepublicamx.com\/index.php?rest_route=%2Fwp%2Fv2%2Ftags&post=855"}],"curies":[{"name":"wp","href":"https:\/\/api.w.org\/{rel}","templated":true}]}}