{"id":854,"date":"2026-04-07T10:25:39","date_gmt":"2026-04-07T16:25:39","guid":{"rendered":"https:\/\/eldiariorepublicamx.com\/?p=854"},"modified":"2026-04-07T10:25:39","modified_gmt":"2026-04-07T16:25:39","slug":"presidenta-sheinbaum-conduce-la-conferencia-matutina-este-lunes-7-de-abril","status":"publish","type":"post","link":"https:\/\/eldiariorepublicamx.com\/?p=854","title":{"rendered":"Presidenta Sheinbaum conduce la conferencia matutina este lunes 7 de abril"},"content":{"rendered":"<p>La presidenta de la Rep\u00fablica, Claudia Sheinbaum Pardo, encabeza la emisi\u00f3n en vivo de su conferencia de prensa habitual, conocida como &#8220;La Ma\u00f1anera del Pueblo&#8221;, este lunes 7 de abril de 2026.<\/p>\n<h3>Transmisi\u00f3n en curso<\/h3>\n<p>La sesi\u00f3n informativa comenz\u00f3 hace aproximadamente 50 minutos y contin\u00faa transmiti\u00e9ndose en directo para todo el p\u00fablico.<\/p>\n","protected":false},"excerpt":{"rendered":"<p>La presidenta de la Rep\u00fablica, Claudia Sheinbaum Pardo, encabeza la emisi\u00f3n en vivo de su conferencia de prensa habitual, conocida como &#8220;La Ma\u00f1anera del Pueblo&#8221;,&hellip;<\/p>\n","protected":false},"author":2,"featured_media":0,"comment_status":"open","ping_status":"open","sticky":false,"template":"","format":"standard","meta":{"footnotes":""},"categories":[251],"tags":[566,752,13,426,404],"class_list":["post-854","post","type-post","status-publish","format-standard","hentry","category-la-mananera-en-breve","tag-566","tag-7-de-abril","tag-claudia-sheinbaum","tag-conferencia","tag-mananera"],"_links":{"self":[{"href":"https:\/\/eldiariorepublicamx.com\/index.php?rest_route=\/wp\/v2\/posts\/854","targetHints":{"allow":["GET"]}}],"collection":[{"href":"https:\/\/eldiariorepublicamx.com\/index.php?rest_route=\/wp\/v2\/posts"}],"about":[{"href":"https:\/\/eldiariorepublicamx.com\/index.php?rest_route=\/wp\/v2\/types\/post"}],"author":[{"embeddable":true,"href":"https:\/\/eldiariorepublicamx.com\/index.php?rest_route=\/wp\/v2\/users\/2"}],"replies":[{"embeddable":true,"href":"https:\/\/eldiariorepublicamx.com\/index.php?rest_route=%2Fwp%2Fv2%2Fcomments&post=854"}],"version-history":[{"count":0,"href":"https:\/\/eldiariorepublicamx.com\/index.php?rest_route=\/wp\/v2\/posts\/854\/revisions"}],"wp:attachment":[{"href":"https:\/\/eldiariorepublicamx.com\/index.php?rest_route=%2Fwp%2Fv2%2Fmedia&parent=854"}],"wp:term":[{"taxonomy":"category","embeddable":true,"href":"https:\/\/eldiariorepublicamx.com\/index.php?rest_route=%2Fwp%2Fv2%2Fcategories&post=854"},{"taxonomy":"post_tag","embeddable":true,"href":"https:\/\/eldiariorepublicamx.com\/index.php?rest_route=%2Fwp%2Fv2%2Ftags&post=854"}],"curies":[{"name":"wp","href":"https:\/\/api.w.org\/{rel}","templated":true}]}}