{"id":852,"date":"2026-04-07T08:25:50","date_gmt":"2026-04-07T14:25:50","guid":{"rendered":"https:\/\/eldiariorepublicamx.com\/?p=852"},"modified":"2026-04-07T08:25:50","modified_gmt":"2026-04-07T14:25:50","slug":"sheinbaum-destaca-avances-en-salud-y-combate-al-sarampion-durante-la-conferencia-mananera","status":"publish","type":"post","link":"https:\/\/eldiariorepublicamx.com\/?p=852","title":{"rendered":"Sheinbaum destaca avances en salud y combate al sarampi\u00f3n durante la conferencia ma\u00f1anera"},"content":{"rendered":"<p>La presidenta Claudia Sheinbaum encabez\u00f3 su conferencia de prensa matutina este martes 7 de abril de 2026 desde Palacio Nacional, acompa\u00f1ada por integrantes de su gabinete federal, donde se presentaron avances en materia de salud p\u00fablica.<\/p>\n<h3>Lanzamiento del Servicio Universal de Salud<\/h3>\n<p>Durante el encuentro, la secretaria del Bienestar, Ariadna Montiel, precis\u00f3 que el registro para obtener la credencial del Servicio Universal de Salud comenzar\u00e1 este mes, enfoc\u00e1ndose inicialmente en adultos mayores de 85 a\u00f1os o m\u00e1s, residentes en 47 municipios del pa\u00eds, incluyendo las 16 alcald\u00edas de la Ciudad de M\u00e9xico.<\/p>\n<p>Montiel detall\u00f3 que el proceso iniciar\u00e1 el 13 de abril y concluir\u00e1 el d\u00eda 30 para este grupo prioritario, as\u00ed como para sus cuidadores o acompa\u00f1antes. Para ello, se instalar\u00e1n m\u00e1s de dos mil m\u00f3dulos de atenci\u00f3n, y la entrega f\u00edsica de la credencial se realizar\u00e1 seis semanas despu\u00e9s de realizado el registro, siendo uno de los requisitos principales la CURP certificada.<\/p>\n<h3>Etapas de implementaci\u00f3n del servicio<\/h3>\n<p>Eduardo Clark, subsecretario de Salud, anunci\u00f3 que la primera etapa del Servicio Universal de Salud arrancar\u00e1 oficialmente el 1 de enero de 2027, operando bajo un esquema de intercambio de servicios entre las diversas instituciones de salud p\u00fablica una vez que concluya el proceso de credencializaci\u00f3n este a\u00f1o.<\/p>\n<p>Clark enumer\u00f3 los servicios que iniciar\u00e1n con este intercambio, incluyendo la atenci\u00f3n universal a urgencias, la atenci\u00f3n a embarazos de alto riesgo, los protocolos &#8216;C\u00f3digo infarto&#8217; y &#8216;C\u00f3digo cerebro&#8217;, as\u00ed como la atenci\u00f3n y diagn\u00f3stico del c\u00e1ncer de mama, la continuidad de tratamientos, la vacunaci\u00f3n universal y la consulta de atenci\u00f3n primaria.<\/p>\n<p>El subsecretario adelant\u00f3 que para la segunda mitad de 2027 se incorporar\u00e1n al intercambio servicios especializados como radiograf\u00edas, laboratorio, imagenolog\u00eda y radioterapia. Para el a\u00f1o 2028, la cobertura se ampliar\u00e1 para incluir el surtimiento universal de recetas m\u00e9dicas, la consulta externa de especialidad, la hospitalizaci\u00f3n referenciada y la atenci\u00f3n de primer nivel.<\/p>\n<h3>Reporte positivo sobre sarampi\u00f3n<\/h3>\n<p>En otro tema de la agenda, el subsecretario Eduardo Clark inform\u00f3 sobre una reducci\u00f3n significativa en la propagaci\u00f3n del sarampi\u00f3n, la cual ha disminuido casi un 66% en las \u00faltimas seis semanas, registr\u00e1ndose ahora menos de 70 casos nuevos por d\u00eda.<\/p>\n<p>Clark atribuy\u00f3 este logro a la intensa campa\u00f1a de vacunaci\u00f3n, comentando: <\/p>\n<blockquote><p>&#8220;Del 12 de febrero a la fecha hemos aplicado 8.3 millones de vacunas y continuamos a la baja propagaci\u00f3n del sarampi\u00f3n. El momento de mayor transmisi\u00f3n del virus lo detectamos en torno al 20 de febrero, con cerca de 220 casos nuevos al d\u00eda. En los \u00faltimos d\u00edas se registran menos de 70 casos al d\u00eda, es una reducci\u00f3n de casi el 66%, es un avance 1ue tiene que seguir bajando, todav\u00eda hay casos y sigue estrategia de vacunaci\u00f3n&#8221;<\/p><\/blockquote>\n<p>.<\/p>\n<p>El funcionario hizo un llamado a continuar con la vacunaci\u00f3n, especialmente entre los grupos vulnerables, para mantener esta tendencia a la baja y reducir los riesgos asociados a esta enfermedad.<\/p>\n","protected":false},"excerpt":{"rendered":"<p>La presidenta Claudia Sheinbaum encabez\u00f3 su conferencia de prensa matutina este martes 7 de abril de 2026 desde Palacio Nacional, acompa\u00f1ada por integrantes de su&hellip;<\/p>\n","protected":false},"author":2,"featured_media":853,"comment_status":"open","ping_status":"open","sticky":false,"template":"","format":"standard","meta":{"footnotes":""},"categories":[251],"tags":[751,536,750,288,537],"class_list":["post-852","post","type-post","status-publish","format-standard","has-post-thumbnail","hentry","category-la-mananera-en-breve","tag-credencial","tag-sarampion","tag-servicio-universal-de-salud","tag-sheinbaum","tag-vacunacion"],"_links":{"self":[{"href":"https:\/\/eldiariorepublicamx.com\/index.php?rest_route=\/wp\/v2\/posts\/852","targetHints":{"allow":["GET"]}}],"collection":[{"href":"https:\/\/eldiariorepublicamx.com\/index.php?rest_route=\/wp\/v2\/posts"}],"about":[{"href":"https:\/\/eldiariorepublicamx.com\/index.php?rest_route=\/wp\/v2\/types\/post"}],"author":[{"embeddable":true,"href":"https:\/\/eldiariorepublicamx.com\/index.php?rest_route=\/wp\/v2\/users\/2"}],"replies":[{"embeddable":true,"href":"https:\/\/eldiariorepublicamx.com\/index.php?rest_route=%2Fwp%2Fv2%2Fcomments&post=852"}],"version-history":[{"count":0,"href":"https:\/\/eldiariorepublicamx.com\/index.php?rest_route=\/wp\/v2\/posts\/852\/revisions"}],"wp:featuredmedia":[{"embeddable":true,"href":"https:\/\/eldiariorepublicamx.com\/index.php?rest_route=\/wp\/v2\/media\/853"}],"wp:attachment":[{"href":"https:\/\/eldiariorepublicamx.com\/index.php?rest_route=%2Fwp%2Fv2%2Fmedia&parent=852"}],"wp:term":[{"taxonomy":"category","embeddable":true,"href":"https:\/\/eldiariorepublicamx.com\/index.php?rest_route=%2Fwp%2Fv2%2Fcategories&post=852"},{"taxonomy":"post_tag","embeddable":true,"href":"https:\/\/eldiariorepublicamx.com\/index.php?rest_route=%2Fwp%2Fv2%2Ftags&post=852"}],"curies":[{"name":"wp","href":"https:\/\/api.w.org\/{rel}","templated":true}]}}