{"id":844,"date":"2026-04-06T16:15:30","date_gmt":"2026-04-06T22:15:30","guid":{"rendered":"https:\/\/eldiariorepublicamx.com\/?p=844"},"modified":"2026-04-06T16:15:31","modified_gmt":"2026-04-06T22:15:31","slug":"claudia-sheinbaum-anuncia-inversion-historica-de-350-mil-mdp-en-educacion-mas-infraestructura-que-en-el-periodo-neoliberal","status":"publish","type":"post","link":"https:\/\/eldiariorepublicamx.com\/?p=844","title":{"rendered":"Claudia Sheinbaum anuncia inversi\u00f3n hist\u00f3rica de 350 mil mdp en educaci\u00f3n: m\u00e1s infraestructura que en el periodo neoliberal"},"content":{"rendered":"\n<p>La presidenta <strong>Claudia Sheinbaum<\/strong> anunci\u00f3 una <strong>inversi\u00f3n de 350 mil millones de pesos en infraestructura educativa<\/strong> durante el sexenio, consolidando un avance sin precedentes en el fortalecimiento del sistema educativo nacional. Este monto supera lo destinado en administraciones anteriores, marcando un cambio de rumbo en favor de la educaci\u00f3n p\u00fablica en M\u00e9xico.<\/p>\n\n\n\n<p><strong>\u00bfCu\u00e1nto invertir\u00e1 el gobierno en infraestructura educativa durante el sexenio?<\/strong><strong><br><\/strong>El Gobierno de M\u00e9xico destinar\u00e1 <strong>350 mil millones de pesos<\/strong> para mejorar, ampliar y dignificar espacios educativos en todo el pa\u00eds. Esta inversi\u00f3n hist\u00f3rica busca garantizar condiciones adecuadas para millones de estudiantes, desde nivel b\u00e1sico hasta superior.<\/p>\n\n\n\n<p><strong>\u00bfPor qu\u00e9 esta inversi\u00f3n supera al periodo neoliberal?<\/strong><strong><br><\/strong>A diferencia de administraciones pasadas, donde la inversi\u00f3n en infraestructura educativa fue limitada, la actual administraci\u00f3n ha priorizado el desarrollo educativo como eje central de la transformaci\u00f3n. <strong>Hoy se invierte m\u00e1s que en todo el periodo neoliberal<\/strong>, reflejando un compromiso directo con el futuro de ni\u00f1as, ni\u00f1os y j\u00f3venes.<\/p>\n\n\n\n<p><strong>\u00bfQu\u00e9 incluye la inversi\u00f3n en educaci\u00f3n en M\u00e9xico?<\/strong><strong><br><\/strong>Los recursos est\u00e1n dirigidos a la <strong>rehabilitaci\u00f3n de escuelas, construcci\u00f3n de nuevos planteles, equipamiento educativo y mejora de servicios b\u00e1sicos<\/strong>, especialmente en comunidades que hist\u00f3ricamente hab\u00edan sido rezagadas.<\/p>\n\n\n\n<p><strong>\u00bfC\u00f3mo impacta esta inversi\u00f3n en estudiantes y familias?<\/strong><strong><br><\/strong>Esta estrategia permite que estudiantes cuenten con <strong>espacios dignos, seguros y funcionales<\/strong>, lo que incide directamente en su aprendizaje y desarrollo. Adem\u00e1s, representa un alivio para familias que ahora tienen acceso a mejores condiciones educativas sin costos adicionales.<\/p>\n\n\n\n<p><strong>Infraestructura educativa como base de la transformaci\u00f3n<\/strong><strong><br><\/strong>Con esta inversi\u00f3n, el gobierno encabezado por <strong>Claudia Sheinbaum<\/strong> reafirma que la educaci\u00f3n es una prioridad nacional. Apostar por mejores escuelas es apostar por el desarrollo del pa\u00eds, reduciendo desigualdades y construyendo oportunidades reales para las nuevas generaciones.<\/p>\n","protected":false},"excerpt":{"rendered":"<p>La presidenta Claudia Sheinbaum anunci\u00f3 una inversi\u00f3n de 350 mil millones de pesos en infraestructura educativa durante el sexenio, consolidando un avance sin precedentes en&hellip;<\/p>\n","protected":false},"author":5,"featured_media":845,"comment_status":"open","ping_status":"open","sticky":false,"template":"","format":"standard","meta":{"footnotes":""},"categories":[252,251],"tags":[13,96,45,18],"class_list":["post-844","post","type-post","status-publish","format-standard","has-post-thumbnail","hentry","category-agenda-nacional","category-la-mananera-en-breve","tag-claudia-sheinbaum","tag-gobierno-federal","tag-mexico","tag-morena"],"_links":{"self":[{"href":"https:\/\/eldiariorepublicamx.com\/index.php?rest_route=\/wp\/v2\/posts\/844","targetHints":{"allow":["GET"]}}],"collection":[{"href":"https:\/\/eldiariorepublicamx.com\/index.php?rest_route=\/wp\/v2\/posts"}],"about":[{"href":"https:\/\/eldiariorepublicamx.com\/index.php?rest_route=\/wp\/v2\/types\/post"}],"author":[{"embeddable":true,"href":"https:\/\/eldiariorepublicamx.com\/index.php?rest_route=\/wp\/v2\/users\/5"}],"replies":[{"embeddable":true,"href":"https:\/\/eldiariorepublicamx.com\/index.php?rest_route=%2Fwp%2Fv2%2Fcomments&post=844"}],"version-history":[{"count":1,"href":"https:\/\/eldiariorepublicamx.com\/index.php?rest_route=\/wp\/v2\/posts\/844\/revisions"}],"predecessor-version":[{"id":846,"href":"https:\/\/eldiariorepublicamx.com\/index.php?rest_route=\/wp\/v2\/posts\/844\/revisions\/846"}],"wp:featuredmedia":[{"embeddable":true,"href":"https:\/\/eldiariorepublicamx.com\/index.php?rest_route=\/wp\/v2\/media\/845"}],"wp:attachment":[{"href":"https:\/\/eldiariorepublicamx.com\/index.php?rest_route=%2Fwp%2Fv2%2Fmedia&parent=844"}],"wp:term":[{"taxonomy":"category","embeddable":true,"href":"https:\/\/eldiariorepublicamx.com\/index.php?rest_route=%2Fwp%2Fv2%2Fcategories&post=844"},{"taxonomy":"post_tag","embeddable":true,"href":"https:\/\/eldiariorepublicamx.com\/index.php?rest_route=%2Fwp%2Fv2%2Ftags&post=844"}],"curies":[{"name":"wp","href":"https:\/\/api.w.org\/{rel}","templated":true}]}}