{"id":839,"date":"2026-04-06T08:00:31","date_gmt":"2026-04-06T14:00:31","guid":{"rendered":"https:\/\/eldiariorepublicamx.com\/?p=839"},"modified":"2026-04-06T12:58:06","modified_gmt":"2026-04-06T18:58:06","slug":"la-mananera-del-pueblo-transmision-en-vivo-6-de-abril-de-2026","status":"publish","type":"post","link":"https:\/\/eldiariorepublicamx.com\/?p=839","title":{"rendered":"La Ma\u00f1anera del Pueblo &#8211; Transmisi\u00f3n en vivo 6 de abril de 2026"},"content":{"rendered":"<div>\n<p>\u00a1No te pierdas La Ma\u00f1anera de hoy! Con\u00e9ctate y ent\u00e9rate de primera mano de los temas que el gobierno federal presenta este 6 de abril de 2026.<\/p>\n<p><iframe loading=\"lazy\" width=\"560\" height=\"315\" src=\"https:\/\/www.youtube.com\/embed\/rOz-wwy1Klo\" frameborder=\"0\" allow=\"accelerometer; autoplay; clipboard-write; encrypted-media; gyroscope; picture-in-picture\" allowfullscreen><\/iframe><\/p>\n<\/p><\/div>\n","protected":false},"excerpt":{"rendered":"<p>\u00a1No te pierdas La Ma\u00f1anera de hoy! Con\u00e9ctate y ent\u00e9rate de primera mano de los temas que el gobierno federal presenta este 6 de abril&hellip;<\/p>\n","protected":false},"author":2,"featured_media":840,"comment_status":"open","ping_status":"open","sticky":false,"template":"","format":"standard","meta":{"footnotes":""},"categories":[746],"tags":[],"class_list":["post-839","post","type-post","status-publish","format-standard","has-post-thumbnail","hentry","category-la-mananera-en-vivo"],"_links":{"self":[{"href":"https:\/\/eldiariorepublicamx.com\/index.php?rest_route=\/wp\/v2\/posts\/839","targetHints":{"allow":["GET"]}}],"collection":[{"href":"https:\/\/eldiariorepublicamx.com\/index.php?rest_route=\/wp\/v2\/posts"}],"about":[{"href":"https:\/\/eldiariorepublicamx.com\/index.php?rest_route=\/wp\/v2\/types\/post"}],"author":[{"embeddable":true,"href":"https:\/\/eldiariorepublicamx.com\/index.php?rest_route=\/wp\/v2\/users\/2"}],"replies":[{"embeddable":true,"href":"https:\/\/eldiariorepublicamx.com\/index.php?rest_route=%2Fwp%2Fv2%2Fcomments&post=839"}],"version-history":[{"count":1,"href":"https:\/\/eldiariorepublicamx.com\/index.php?rest_route=\/wp\/v2\/posts\/839\/revisions"}],"predecessor-version":[{"id":842,"href":"https:\/\/eldiariorepublicamx.com\/index.php?rest_route=\/wp\/v2\/posts\/839\/revisions\/842"}],"wp:featuredmedia":[{"embeddable":true,"href":"https:\/\/eldiariorepublicamx.com\/index.php?rest_route=\/wp\/v2\/media\/840"}],"wp:attachment":[{"href":"https:\/\/eldiariorepublicamx.com\/index.php?rest_route=%2Fwp%2Fv2%2Fmedia&parent=839"}],"wp:term":[{"taxonomy":"category","embeddable":true,"href":"https:\/\/eldiariorepublicamx.com\/index.php?rest_route=%2Fwp%2Fv2%2Fcategories&post=839"},{"taxonomy":"post_tag","embeddable":true,"href":"https:\/\/eldiariorepublicamx.com\/index.php?rest_route=%2Fwp%2Fv2%2Ftags&post=839"}],"curies":[{"name":"wp","href":"https:\/\/api.w.org\/{rel}","templated":true}]}}