{"id":832,"date":"2026-04-06T10:28:01","date_gmt":"2026-04-06T16:28:01","guid":{"rendered":"https:\/\/eldiariorepublicamx.com\/?p=832"},"modified":"2026-04-06T10:28:01","modified_gmt":"2026-04-06T16:28:01","slug":"presidenta-senala-que-cobertura-televisiva-sobre-derrame-perjudica-economia-turistica-de-veracruz","status":"publish","type":"post","link":"https:\/\/eldiariorepublicamx.com\/?p=832","title":{"rendered":"Presidenta se\u00f1ala que cobertura televisiva sobre derrame perjudica econom\u00eda tur\u00edstica de Veracruz"},"content":{"rendered":"<p>Durante la conferencia matutina de este lunes, la presidenta Claudia Sheinbaum afirm\u00f3 que la manera en que ciertos medios televisivos han informado sobre el derrame de hidrocarburos en el Golfo de M\u00e9xico est\u00e1 da\u00f1ando a los negocios tur\u00edsticos del estado de Veracruz.<\/p>\n<h3>Cr\u00edticas y afectaci\u00f3n econ\u00f3mica<\/h3>\n<p>La mandataria explic\u00f3 que el enfoque de estas noticias ha ido m\u00e1s all\u00e1 de cuestionar las acciones del gobierno y ha terminado por afectar negativamente a quienes viven del turismo en la zona costera.<\/p>\n<p>Sheinbaum hizo un llamado para que los due\u00f1os de hoteles y restaurantes de la regi\u00f3n establezcan un di\u00e1logo directo con las empresas de comunicaci\u00f3n responsables de dicha cobertura.<\/p>\n<blockquote><p>\u201cSer\u00eda muy bueno que los empresarios del sector tur\u00edstico de Veracruz pudieran hablar con la televisora de manera directa. Los mexicanos tenemos derecho a la informaci\u00f3n, tenemos derecho a la verdad. Puede ser que no se est\u00e9 de acuerdo con el gobierno, puede haber diferencias pol\u00edticas con el gobierno. Pero una cosa muy distinta es el ataque permanente que da\u00f1a a terceros, no solamente al gobierno de M\u00e9xico, sino a terceros, que son precisamente los restauranteros, los hoteleros y todas las personas que se dedican a los servicios. En Veracruz y, en general, en todo el Golfo de M\u00e9xico. Afortunadamente ya cada vez menos personas los ven porque, si no, no hubi\u00e9ramos tenido el porcentaje de ocupaci\u00f3n que tuvo Veracruz\u201d, expres\u00f3.<\/p><\/blockquote>\n<h3>Contexto de las declaraciones<\/h3>\n<p>Estas declaraciones se dieron en el marco de la discusi\u00f3n p\u00fablica generada por el derrame, un evento que ha provocado opiniones divididas respecto a sus consecuencias tanto para el medio ambiente como para la econom\u00eda local.<\/p>\n","protected":false},"excerpt":{"rendered":"<p>Durante la conferencia matutina de este lunes, la presidenta Claudia Sheinbaum afirm\u00f3 que la manera en que ciertos medios televisivos han informado sobre el derrame&hellip;<\/p>\n","protected":false},"author":2,"featured_media":833,"comment_status":"open","ping_status":"open","sticky":false,"template":"","format":"standard","meta":{"footnotes":""},"categories":[251],"tags":[361,288,726,728,727],"class_list":["post-832","post","type-post","status-publish","format-standard","has-post-thumbnail","hentry","category-la-mananera-en-breve","tag-derrame","tag-sheinbaum","tag-televisoras","tag-turismo","tag-veracruz"],"_links":{"self":[{"href":"https:\/\/eldiariorepublicamx.com\/index.php?rest_route=\/wp\/v2\/posts\/832","targetHints":{"allow":["GET"]}}],"collection":[{"href":"https:\/\/eldiariorepublicamx.com\/index.php?rest_route=\/wp\/v2\/posts"}],"about":[{"href":"https:\/\/eldiariorepublicamx.com\/index.php?rest_route=\/wp\/v2\/types\/post"}],"author":[{"embeddable":true,"href":"https:\/\/eldiariorepublicamx.com\/index.php?rest_route=\/wp\/v2\/users\/2"}],"replies":[{"embeddable":true,"href":"https:\/\/eldiariorepublicamx.com\/index.php?rest_route=%2Fwp%2Fv2%2Fcomments&post=832"}],"version-history":[{"count":0,"href":"https:\/\/eldiariorepublicamx.com\/index.php?rest_route=\/wp\/v2\/posts\/832\/revisions"}],"wp:featuredmedia":[{"embeddable":true,"href":"https:\/\/eldiariorepublicamx.com\/index.php?rest_route=\/wp\/v2\/media\/833"}],"wp:attachment":[{"href":"https:\/\/eldiariorepublicamx.com\/index.php?rest_route=%2Fwp%2Fv2%2Fmedia&parent=832"}],"wp:term":[{"taxonomy":"category","embeddable":true,"href":"https:\/\/eldiariorepublicamx.com\/index.php?rest_route=%2Fwp%2Fv2%2Fcategories&post=832"},{"taxonomy":"post_tag","embeddable":true,"href":"https:\/\/eldiariorepublicamx.com\/index.php?rest_route=%2Fwp%2Fv2%2Ftags&post=832"}],"curies":[{"name":"wp","href":"https:\/\/api.w.org\/{rel}","templated":true}]}}