{"id":826,"date":"2026-04-06T10:27:53","date_gmt":"2026-04-06T16:27:53","guid":{"rendered":"https:\/\/eldiariorepublicamx.com\/?p=826"},"modified":"2026-04-06T10:27:53","modified_gmt":"2026-04-06T16:27:53","slug":"claudia-sheinbaum-registra-70-por-ciento-de-aceptacion-ciudadana-en-encuesta-mensual","status":"publish","type":"post","link":"https:\/\/eldiariorepublicamx.com\/?p=826","title":{"rendered":"Claudia Sheinbaum registra 70 por ciento de aceptaci\u00f3n ciudadana en encuesta mensual"},"content":{"rendered":"<p>La presidenta Claudia Sheinbaum obtuvo un nivel de aprobaci\u00f3n del 70 por ciento en el mes de marzo, seg\u00fan revel\u00f3 la encuesta nacional mensual de El Financiero, coloc\u00e1ndose como una de las mandatarias mejor evaluadas en sus primeros meses de gesti\u00f3n.<\/p>\n<h3>Respaldo mayoritario a la gesti\u00f3n federal<\/h3>\n<p>El estudio de opini\u00f3n p\u00fablica detall\u00f3 que el nivel de desaprobaci\u00f3n se situ\u00f3 en un 29 por ciento, lo que refleja un amplio respaldo ciudadano al trabajo del gobierno federal. La medici\u00f3n se realiz\u00f3 ante la pregunta: \u201c\u00bfusted aprueba o desaprueba el trabajo que est\u00e1 haciendo Claudia Sheinbaum como presidenta de M\u00e9xico?\u201d.<\/p>\n<p>Estos resultados posicionan a la presidenta mexicana con un alto \u00edndice de aprobaci\u00f3n presidencial durante el inicio de su administraci\u00f3n.<\/p>\n<h3>Indicador clave de percepci\u00f3n p\u00fablica<\/h3>\n<p>El indicador se convierte en una referencia fundamental para evaluar la percepci\u00f3n de la ciudadan\u00eda y el desempe\u00f1o del gobierno actual en materia de pol\u00edticas p\u00fablicas y gesti\u00f3n nacional.<\/p>\n<p>La encuesta forma parte del monitoreo mensual que El Financiero lleva a cabo sobre la opini\u00f3n p\u00fablica en M\u00e9xico, siendo considerada una de las principales mediciones de popularidad presidencial en el pa\u00eds.<\/p>\n","protected":false},"excerpt":{"rendered":"<p>La presidenta Claudia Sheinbaum obtuvo un nivel de aprobaci\u00f3n del 70 por ciento en el mes de marzo, seg\u00fan revel\u00f3 la encuesta nacional mensual de&hellip;<\/p>\n","protected":false},"author":2,"featured_media":827,"comment_status":"open","ping_status":"open","sticky":false,"template":"","format":"standard","meta":{"footnotes":""},"categories":[252],"tags":[419,13,741,96,263],"class_list":["post-826","post","type-post","status-publish","format-standard","has-post-thumbnail","hentry","category-agenda-nacional","tag-aprobacion","tag-claudia-sheinbaum","tag-encuesta","tag-gobierno-federal","tag-marzo"],"_links":{"self":[{"href":"https:\/\/eldiariorepublicamx.com\/index.php?rest_route=\/wp\/v2\/posts\/826","targetHints":{"allow":["GET"]}}],"collection":[{"href":"https:\/\/eldiariorepublicamx.com\/index.php?rest_route=\/wp\/v2\/posts"}],"about":[{"href":"https:\/\/eldiariorepublicamx.com\/index.php?rest_route=\/wp\/v2\/types\/post"}],"author":[{"embeddable":true,"href":"https:\/\/eldiariorepublicamx.com\/index.php?rest_route=\/wp\/v2\/users\/2"}],"replies":[{"embeddable":true,"href":"https:\/\/eldiariorepublicamx.com\/index.php?rest_route=%2Fwp%2Fv2%2Fcomments&post=826"}],"version-history":[{"count":0,"href":"https:\/\/eldiariorepublicamx.com\/index.php?rest_route=\/wp\/v2\/posts\/826\/revisions"}],"wp:featuredmedia":[{"embeddable":true,"href":"https:\/\/eldiariorepublicamx.com\/index.php?rest_route=\/wp\/v2\/media\/827"}],"wp:attachment":[{"href":"https:\/\/eldiariorepublicamx.com\/index.php?rest_route=%2Fwp%2Fv2%2Fmedia&parent=826"}],"wp:term":[{"taxonomy":"category","embeddable":true,"href":"https:\/\/eldiariorepublicamx.com\/index.php?rest_route=%2Fwp%2Fv2%2Fcategories&post=826"},{"taxonomy":"post_tag","embeddable":true,"href":"https:\/\/eldiariorepublicamx.com\/index.php?rest_route=%2Fwp%2Fv2%2Ftags&post=826"}],"curies":[{"name":"wp","href":"https:\/\/api.w.org\/{rel}","templated":true}]}}