{"id":824,"date":"2026-04-06T10:27:48","date_gmt":"2026-04-06T16:27:48","guid":{"rendered":"https:\/\/eldiariorepublicamx.com\/?p=824"},"modified":"2026-04-06T10:27:48","modified_gmt":"2026-04-06T16:27:48","slug":"gobierno-mexicano-declara-infundados-los-paros-de-transportistas-y-campesinos-previstos-para-este-lunes","status":"publish","type":"post","link":"https:\/\/eldiariorepublicamx.com\/?p=824","title":{"rendered":"Gobierno mexicano declara infundados los paros de transportistas y campesinos previstos para este lunes"},"content":{"rendered":"<p>El Gobierno Federal de M\u00e9xico, mediante un comunicado conjunto de las secretar\u00edas de Gobernaci\u00f3n y Agricultura, asegur\u00f3 este lunes 6 de abril de 2026 que no existen motivos para los bloqueos carreteros anunciados por transportistas y productores del campo, argumentando que sus peticiones ya han sido atendidas mediante di\u00e1logo y apoyos econ\u00f3micos.<\/p>\n<p>Las autoridades federales reportaron una inversi\u00f3n de 3,412 millones de pesos destinada a compensar a los agricultores por la ca\u00edda de precios internacionales, beneficiando directamente a m\u00e1s de 40,910 productores. Tambi\u00e9n mencionaron un acuerdo espec\u00edfico para apoyar a los cultivadores de Sinaloa en su pr\u00f3xima cosecha.<\/p>\n<h3>Di\u00e1logo y avances seg\u00fan el gobierno<\/h3>\n<p>Respecto al sector transporte, el gobierno inform\u00f3 que se han sostenido sesiones de trabajo con la Guardia Nacional para abordar la inseguridad en las carreteras y agilizar tr\u00e1mites. En su comunicado, las autoridades expresaron: &#8220;Manifestamos que el Gobierno de M\u00e9xico siempre ha estado abierto al di\u00e1logo y que estar\u00e1 informando y atendiendo el d\u00eda de ma\u00f1ana cualquier manifestaci\u00f3n que se presente&#8221;.<\/p>\n<p>Pese a esta postura oficial, organizaciones como la Asociaci\u00f3n Nacional de Transportistas (ANTAC) y el Frente Nacional para el Rescate del Campo Mexicano confirmaron que el paro nacional se mantiene, con bloqueos previstos desde las 7:00 horas en carreteras de al menos 20 estados.<\/p>\n<h3>Demandas de los sectores movilizados<\/h3>\n<p>Los manifestantes justifican su acci\u00f3n denunciando &#8220;abandono, la inseguridad y la falta de condiciones dignas&#8221;. Los transportistas exigen mayor seguridad en carreteras federales, freno a la extorsi\u00f3n, condiciones justas para el transporte de carga, apoyo a familias de operadores fallecidos y la eliminaci\u00f3n del impuesto especial (IEPS) al di\u00e9sel.<\/p>\n<p>Por su parte, los productores agr\u00edcolas alertan sobre una crisis en el campo por importaciones desleales, sequ\u00edas, bajos precios y altos costos de insumos. Sus demandas incluyen precios justos, una banca de desarrollo para el campo, redefinir pol\u00edticas agroalimentarias, excluir granos b\u00e1sicos del T-MEC y atender pagos pendientes desde 2023.<\/p>\n<h3>Impacto vial y llamado a la calma<\/h3>\n<p>Los bloqueos podr\u00edan afectar v\u00edas clave como las autopistas que conectan la Ciudad de M\u00e9xico con Quer\u00e9taro, Pachuca, Puebla y Cuernavaca, as\u00ed como la M\u00e9xico-Puebla, la Culiac\u00e1n-Mazatl\u00e1n y la carretera federal 45, entre otras. Los organizadores aseguraron que el movimiento ser\u00e1 pac\u00edfico y no busca confrontaci\u00f3n, sino presionar para atender una problem\u00e1tica que afecta al abasto nacional, advirtiendo: &#8220;Sin productores y sin transporte, no hay alimentos&#8221;.<\/p>\n","protected":false},"excerpt":{"rendered":"<p>El Gobierno Federal de M\u00e9xico, mediante un comunicado conjunto de las secretar\u00edas de Gobernaci\u00f3n y Agricultura, asegur\u00f3 este lunes 6 de abril de 2026 que&hellip;<\/p>\n","protected":false},"author":2,"featured_media":825,"comment_status":"open","ping_status":"open","sticky":false,"template":"","format":"standard","meta":{"footnotes":""},"categories":[252,52,290],"tags":[736,738,739,740,96,90,42,737],"class_list":["post-824","post","type-post","status-publish","format-standard","has-post-thumbnail","hentry","category-agenda-nacional","category-economia","category-sociedad-y-cultura","tag-bloqueos","tag-campesinos","tag-carreteras","tag-dialogo","tag-gobierno-federal","tag-paro-nacional","tag-seguridad","tag-transportistas"],"_links":{"self":[{"href":"https:\/\/eldiariorepublicamx.com\/index.php?rest_route=\/wp\/v2\/posts\/824","targetHints":{"allow":["GET"]}}],"collection":[{"href":"https:\/\/eldiariorepublicamx.com\/index.php?rest_route=\/wp\/v2\/posts"}],"about":[{"href":"https:\/\/eldiariorepublicamx.com\/index.php?rest_route=\/wp\/v2\/types\/post"}],"author":[{"embeddable":true,"href":"https:\/\/eldiariorepublicamx.com\/index.php?rest_route=\/wp\/v2\/users\/2"}],"replies":[{"embeddable":true,"href":"https:\/\/eldiariorepublicamx.com\/index.php?rest_route=%2Fwp%2Fv2%2Fcomments&post=824"}],"version-history":[{"count":0,"href":"https:\/\/eldiariorepublicamx.com\/index.php?rest_route=\/wp\/v2\/posts\/824\/revisions"}],"wp:featuredmedia":[{"embeddable":true,"href":"https:\/\/eldiariorepublicamx.com\/index.php?rest_route=\/wp\/v2\/media\/825"}],"wp:attachment":[{"href":"https:\/\/eldiariorepublicamx.com\/index.php?rest_route=%2Fwp%2Fv2%2Fmedia&parent=824"}],"wp:term":[{"taxonomy":"category","embeddable":true,"href":"https:\/\/eldiariorepublicamx.com\/index.php?rest_route=%2Fwp%2Fv2%2Fcategories&post=824"},{"taxonomy":"post_tag","embeddable":true,"href":"https:\/\/eldiariorepublicamx.com\/index.php?rest_route=%2Fwp%2Fv2%2Ftags&post=824"}],"curies":[{"name":"wp","href":"https:\/\/api.w.org\/{rel}","templated":true}]}}