{"id":822,"date":"2026-04-06T10:27:42","date_gmt":"2026-04-06T16:27:42","guid":{"rendered":"https:\/\/eldiariorepublicamx.com\/?p=822"},"modified":"2026-04-06T10:27:42","modified_gmt":"2026-04-06T16:27:42","slug":"candidato-colombiano-ivan-cepeda-sostiene-nuevo-encuentro-con-la-presidenta-sheinbaum","status":"publish","type":"post","link":"https:\/\/eldiariorepublicamx.com\/?p=822","title":{"rendered":"Candidato colombiano Iv\u00e1n Cepeda sostiene nuevo encuentro con la presidenta Sheinbaum"},"content":{"rendered":"<p>El candidato presidencial colombiano Iv\u00e1n Cepeda, representante del oficialismo, anunci\u00f3 este lunes la celebraci\u00f3n de un segundo encuentro con la presidenta de M\u00e9xico, Claudia Sheinbaum, en el marco de la campa\u00f1a electoral de su pa\u00eds, donde es considerado favorito.<\/p>\n<h3>Reuni\u00f3n de trabajo en Palacio Nacional<\/h3>\n<p>Por medio de sus redes sociales, el candidato del Pacto Hist\u00f3rico comparti\u00f3 un mensaje en la plataforma X, acompa\u00f1ado de una fotograf\u00eda tomada en el Palacio de Gobierno, donde agradeci\u00f3 a la mandataria mexicana por &#8220;la constructiva reuni\u00f3n&#8221; sostenida la semana pasada, como parte de su visita a M\u00e9xico. En su publicaci\u00f3n, Cepeda escribi\u00f3: &#8220;En esta segunda reuni\u00f3n que hemos tenido pude expresarle, nuevamente, el reconocimiento y la admiraci\u00f3n de que ella goza en Colombia&#8221;.<\/p>\n<h3>Recorrido por gobiernos afines<\/h3>\n<p>Este acercamiento forma parte de una serie de viajes que el aspirante presidencial ha realizado en los \u00faltimos meses hacia naciones con gobiernos ideol\u00f3gicamente cercanos. Previamente, Cepeda se hab\u00eda reunido con el presidente de Brasil, Luiz In\u00e1cio Lula da Silva, y con el jefe del Gobierno espa\u00f1ol, Pedro S\u00e1nchez, siguiendo una estrategia similar a la empleada por el actual presidente colombiano, Gustavo Petro, durante su propia campa\u00f1a.<\/p>\n<p>El primer encuentro entre Cepeda y Sheinbaum ocurri\u00f3 en noviembre de 2025, poco despu\u00e9s de que el candidato se consolidara como el representante de la coalici\u00f3n gubernamental para los comicios del 31 de mayo.<\/p>\n<h3>Contexto electoral y advertencias<\/h3>\n<p>En declaraciones previas, realizadas desde Madrid, el candidato colombiano alert\u00f3 sobre intentos de influencia externa en el proceso electoral de su pa\u00eds. Cepeda se\u00f1al\u00f3 que la Administraci\u00f3n del expresidente estadounidense Donald Trump estar\u00eda buscando incidir en los comicios de mayo de 2026 con el apoyo de sectores ultraderechistas colombianos, un patr\u00f3n que, seg\u00fan \u00e9l, se ha repetido en otras citas electorales de la regi\u00f3n, como en Honduras.<\/p>\n","protected":false},"excerpt":{"rendered":"<p>El candidato presidencial colombiano Iv\u00e1n Cepeda, representante del oficialismo, anunci\u00f3 este lunes la celebraci\u00f3n de un segundo encuentro con la presidenta de M\u00e9xico, Claudia Sheinbaum,&hellip;<\/p>\n","protected":false},"author":2,"featured_media":823,"comment_status":"open","ping_status":"open","sticky":false,"template":"","format":"standard","meta":{"footnotes":""},"categories":[53],"tags":[13,733,734,732,735],"class_list":["post-822","post","type-post","status-publish","format-standard","has-post-thumbnail","hentry","category-agenda-internacional","tag-claudia-sheinbaum","tag-colombia","tag-elecciones-presidenciales","tag-ivan-cepeda","tag-reunion"],"_links":{"self":[{"href":"https:\/\/eldiariorepublicamx.com\/index.php?rest_route=\/wp\/v2\/posts\/822","targetHints":{"allow":["GET"]}}],"collection":[{"href":"https:\/\/eldiariorepublicamx.com\/index.php?rest_route=\/wp\/v2\/posts"}],"about":[{"href":"https:\/\/eldiariorepublicamx.com\/index.php?rest_route=\/wp\/v2\/types\/post"}],"author":[{"embeddable":true,"href":"https:\/\/eldiariorepublicamx.com\/index.php?rest_route=\/wp\/v2\/users\/2"}],"replies":[{"embeddable":true,"href":"https:\/\/eldiariorepublicamx.com\/index.php?rest_route=%2Fwp%2Fv2%2Fcomments&post=822"}],"version-history":[{"count":0,"href":"https:\/\/eldiariorepublicamx.com\/index.php?rest_route=\/wp\/v2\/posts\/822\/revisions"}],"wp:featuredmedia":[{"embeddable":true,"href":"https:\/\/eldiariorepublicamx.com\/index.php?rest_route=\/wp\/v2\/media\/823"}],"wp:attachment":[{"href":"https:\/\/eldiariorepublicamx.com\/index.php?rest_route=%2Fwp%2Fv2%2Fmedia&parent=822"}],"wp:term":[{"taxonomy":"category","embeddable":true,"href":"https:\/\/eldiariorepublicamx.com\/index.php?rest_route=%2Fwp%2Fv2%2Fcategories&post=822"},{"taxonomy":"post_tag","embeddable":true,"href":"https:\/\/eldiariorepublicamx.com\/index.php?rest_route=%2Fwp%2Fv2%2Ftags&post=822"}],"curies":[{"name":"wp","href":"https:\/\/api.w.org\/{rel}","templated":true}]}}