{"id":820,"date":"2026-04-06T10:27:41","date_gmt":"2026-04-06T16:27:41","guid":{"rendered":"https:\/\/eldiariorepublicamx.com\/?p=820"},"modified":"2026-04-06T10:27:41","modified_gmt":"2026-04-06T16:27:41","slug":"digitalizacion-de-aduanas-es-meta-principal-de-nuevo-titular-designado-por-sheinbaum","status":"publish","type":"post","link":"https:\/\/eldiariorepublicamx.com\/?p=820","title":{"rendered":"Digitalizaci\u00f3n de aduanas es meta principal de nuevo titular designado por Sheinbaum"},"content":{"rendered":"<p>Claudia Sheinbaum, presidenta de M\u00e9xico, anunci\u00f3 que la principal tarea del nuevo responsable de aduanas, H\u00e9ctor Alonso Romero, ser\u00e1 la modernizaci\u00f3n y digitalizaci\u00f3n total del sistema aduanal nacional para hacer m\u00e1s \u00e1gil el comercio exterior, incrementar la recaudaci\u00f3n fiscal y combatir la corrupci\u00f3n.<\/p>\n<h3>Metas de la transformaci\u00f3n aduanera<\/h3>\n<p>La mandataria explic\u00f3, ante preguntas sobre el nombramiento reciente, que una l\u00ednea de acci\u00f3n clave ser\u00e1 extender el uso de revisiones no invasivas en los puntos fronterizos, utilizando tecnolog\u00eda para escanear contenedores sin abrirlos y as\u00ed hacer m\u00e1s eficientes los procedimientos.<\/p>\n<p>Tambi\u00e9n puntualiz\u00f3 que se pretende unificar en una \u00fanica plataforma digital todos los tr\u00e1mites de comercio exterior, los cuales actualmente est\u00e1n fragmentados entre diversas instituciones como el Servicio de Administraci\u00f3n Tributaria, la Secretar\u00eda de Econom\u00eda y las mismas aduanas.<\/p>\n<h3>Avance hacia la eliminaci\u00f3n del papel<\/h3>\n<p>Sheinbaum destac\u00f3 que todav\u00eda existen procesos que se llevan a cabo de manera f\u00edsica con documentos en papel, por lo que la digitalizaci\u00f3n brindar\u00e1 un servicio m\u00e1s r\u00e1pido a importadores y exportadores, al tiempo que posibilitar\u00e1 una supervisi\u00f3n coordinada entre las autoridades.<\/p>\n<p>Precis\u00f3 que para este proyecto ya existen recursos asignados y que parte del equipo necesario empez\u00f3 a colocarse desde la administraci\u00f3n pasada, aunque su puesta en marcha ha requerido un periodo m\u00e1s extenso.<\/p>\n","protected":false},"excerpt":{"rendered":"<p>Claudia Sheinbaum, presidenta de M\u00e9xico, anunci\u00f3 que la principal tarea del nuevo responsable de aduanas, H\u00e9ctor Alonso Romero, ser\u00e1 la modernizaci\u00f3n y digitalizaci\u00f3n total del&hellip;<\/p>\n","protected":false},"author":2,"featured_media":821,"comment_status":"open","ping_status":"open","sticky":false,"template":"","format":"standard","meta":{"footnotes":""},"categories":[252,52],"tags":[576,729,13,731,730],"class_list":["post-820","post","type-post","status-publish","format-standard","has-post-thumbnail","hentry","category-agenda-nacional","category-economia","tag-aduanas","tag-alonso-romero","tag-claudia-sheinbaum","tag-comercio-exterior","tag-digitalizacion"],"_links":{"self":[{"href":"https:\/\/eldiariorepublicamx.com\/index.php?rest_route=\/wp\/v2\/posts\/820","targetHints":{"allow":["GET"]}}],"collection":[{"href":"https:\/\/eldiariorepublicamx.com\/index.php?rest_route=\/wp\/v2\/posts"}],"about":[{"href":"https:\/\/eldiariorepublicamx.com\/index.php?rest_route=\/wp\/v2\/types\/post"}],"author":[{"embeddable":true,"href":"https:\/\/eldiariorepublicamx.com\/index.php?rest_route=\/wp\/v2\/users\/2"}],"replies":[{"embeddable":true,"href":"https:\/\/eldiariorepublicamx.com\/index.php?rest_route=%2Fwp%2Fv2%2Fcomments&post=820"}],"version-history":[{"count":0,"href":"https:\/\/eldiariorepublicamx.com\/index.php?rest_route=\/wp\/v2\/posts\/820\/revisions"}],"wp:featuredmedia":[{"embeddable":true,"href":"https:\/\/eldiariorepublicamx.com\/index.php?rest_route=\/wp\/v2\/media\/821"}],"wp:attachment":[{"href":"https:\/\/eldiariorepublicamx.com\/index.php?rest_route=%2Fwp%2Fv2%2Fmedia&parent=820"}],"wp:term":[{"taxonomy":"category","embeddable":true,"href":"https:\/\/eldiariorepublicamx.com\/index.php?rest_route=%2Fwp%2Fv2%2Fcategories&post=820"},{"taxonomy":"post_tag","embeddable":true,"href":"https:\/\/eldiariorepublicamx.com\/index.php?rest_route=%2Fwp%2Fv2%2Ftags&post=820"}],"curies":[{"name":"wp","href":"https:\/\/api.w.org\/{rel}","templated":true}]}}