{"id":818,"date":"2026-04-06T10:27:40","date_gmt":"2026-04-06T16:27:40","guid":{"rendered":"https:\/\/eldiariorepublicamx.com\/?p=818"},"modified":"2026-04-06T10:27:40","modified_gmt":"2026-04-06T16:27:40","slug":"presidenta-sheinbaum-critica-a-medios-televisivos-por-perjudicar-economia-turistica-de-veracruz-tras-derrame","status":"publish","type":"post","link":"https:\/\/eldiariorepublicamx.com\/?p=818","title":{"rendered":"Presidenta Sheinbaum critica a medios televisivos por perjudicar econom\u00eda tur\u00edstica de Veracruz tras derrame"},"content":{"rendered":"<p>La presidenta de M\u00e9xico, Claudia Sheinbaum, acus\u00f3 este lunes a ciertos canales de televisi\u00f3n de da\u00f1ar a los negocios tur\u00edsticos de Veracruz con su cobertura del derrame de hidrocarburo en el Golfo de M\u00e9xico. Durante su conferencia matutina, la mandataria afirm\u00f3 que el enfoque informativo ha perjudicado a hoteleros y restauranteros de la regi\u00f3n.<\/p>\n<h3>Impacto econ\u00f3mico del enfoque medi\u00e1tico<\/h3>\n<p>Sheinbaum plante\u00f3 que el problema va m\u00e1s all\u00e1 de la cr\u00edtica al gobierno y est\u00e1 afectando directamente a quienes viven del turismo. Por ello, sugiri\u00f3 la necesidad de un di\u00e1logo directo entre los empresarios del sector y las empresas televisivas.<\/p>\n<blockquote><p>\u201cSer\u00eda muy bueno que los empresarios del sector tur\u00edstico de Veracruz pudieran hablar con la televisora de manera directa. Los mexicanos tenemos derecho a la informaci\u00f3n, tenemos derecho a la verdad. Puede ser que no se est\u00e9 de acuerdo con el gobierno, puede haber diferencias pol\u00edticas con el gobierno. Pero una cosa muy distinta es el ataque permanente que da\u00f1a a terceros, no solamente al gobierno de M\u00e9xico, sino a terceros, que son precisamente los restauranteros, los hoteleros y todas las personas que se dedican a los servicios. En Veracruz y, en general, en todo el Golfo de M\u00e9xico. Afortunadamente ya cada vez menos personas los ven porque, si no, no hubi\u00e9ramos tenido el porcentaje de ocupaci\u00f3n que tuvo Veracruz\u201d, expres\u00f3.<\/p><\/blockquote>\n<h3>Contexto de las declaraciones<\/h3>\n<p>Estas declaraciones se producen en medio del debate p\u00fablico sobre el derrame y sus consecuencias ambientales y econ\u00f3micas. La presidenta vincul\u00f3 la alta ocupaci\u00f3n hotelera registrada en Veracruz con una menor audiencia de los contenidos que, a su juicio, perjudican la imagen del destino.<\/p>\n","protected":false},"excerpt":{"rendered":"<p>La presidenta de M\u00e9xico, Claudia Sheinbaum, acus\u00f3 este lunes a ciertos canales de televisi\u00f3n de da\u00f1ar a los negocios tur\u00edsticos de Veracruz con su cobertura&hellip;<\/p>\n","protected":false},"author":2,"featured_media":819,"comment_status":"open","ping_status":"open","sticky":false,"template":"","format":"standard","meta":{"footnotes":""},"categories":[252,290],"tags":[361,288,726,728,727],"class_list":["post-818","post","type-post","status-publish","format-standard","has-post-thumbnail","hentry","category-agenda-nacional","category-sociedad-y-cultura","tag-derrame","tag-sheinbaum","tag-televisoras","tag-turismo","tag-veracruz"],"_links":{"self":[{"href":"https:\/\/eldiariorepublicamx.com\/index.php?rest_route=\/wp\/v2\/posts\/818","targetHints":{"allow":["GET"]}}],"collection":[{"href":"https:\/\/eldiariorepublicamx.com\/index.php?rest_route=\/wp\/v2\/posts"}],"about":[{"href":"https:\/\/eldiariorepublicamx.com\/index.php?rest_route=\/wp\/v2\/types\/post"}],"author":[{"embeddable":true,"href":"https:\/\/eldiariorepublicamx.com\/index.php?rest_route=\/wp\/v2\/users\/2"}],"replies":[{"embeddable":true,"href":"https:\/\/eldiariorepublicamx.com\/index.php?rest_route=%2Fwp%2Fv2%2Fcomments&post=818"}],"version-history":[{"count":0,"href":"https:\/\/eldiariorepublicamx.com\/index.php?rest_route=\/wp\/v2\/posts\/818\/revisions"}],"wp:featuredmedia":[{"embeddable":true,"href":"https:\/\/eldiariorepublicamx.com\/index.php?rest_route=\/wp\/v2\/media\/819"}],"wp:attachment":[{"href":"https:\/\/eldiariorepublicamx.com\/index.php?rest_route=%2Fwp%2Fv2%2Fmedia&parent=818"}],"wp:term":[{"taxonomy":"category","embeddable":true,"href":"https:\/\/eldiariorepublicamx.com\/index.php?rest_route=%2Fwp%2Fv2%2Fcategories&post=818"},{"taxonomy":"post_tag","embeddable":true,"href":"https:\/\/eldiariorepublicamx.com\/index.php?rest_route=%2Fwp%2Fv2%2Ftags&post=818"}],"curies":[{"name":"wp","href":"https:\/\/api.w.org\/{rel}","templated":true}]}}