{"id":806,"date":"2026-04-05T14:28:28","date_gmt":"2026-04-05T20:28:28","guid":{"rendered":"https:\/\/eldiariorepublicamx.com\/?p=806"},"modified":"2026-04-05T14:28:28","modified_gmt":"2026-04-05T20:28:28","slug":"nueva-zelanda-acoge-el-rodaje-de-la-pelicula-live-action-de-the-legend-of-zelda-en-emblematicas-locaciones-naturales","status":"publish","type":"post","link":"https:\/\/eldiariorepublicamx.com\/?p=806","title":{"rendered":"Nueva Zelanda acoge el rodaje de la pel\u00edcula live-action de The Legend of Zelda en emblem\u00e1ticas locaciones naturales"},"content":{"rendered":"<p>La producci\u00f3n de la adaptaci\u00f3n cinematogr\u00e1fica de &#8216;The Legend of Zelda&#8217; se est\u00e1 filmando en diversas regiones de Nueva Zelanda, incluidas algunas de las mismas locaciones utilizadas previamente en la trilog\u00eda de &#8216;El Se\u00f1or de los Anillos&#8217;. El rodaje comenz\u00f3 en Wellington a finales del a\u00f1o pasado y se ha extendido a otros puntos del pa\u00eds.<\/p>\n<h3>Locaciones ic\u00f3nicas<\/h3>\n<p>Desde noviembre de 2025, la filmaci\u00f3n ha tenido lugar en la capital, Wellington, y posteriormente, en febrero de este a\u00f1o, se confirm\u00f3 que tambi\u00e9n se grab\u00f3 en la regi\u00f3n de Otago. Las locaciones espec\u00edficas incluyen la zona de Poolburn, en Central Otago, y el peque\u00f1o asentamiento de Glenorchy, ubicado al sur del pa\u00eds junto al lago Wakatipu.<\/p>\n<h3>Un escenario fant\u00e1stico recurrente<\/h3>\n<p>La regi\u00f3n de Otago no es nueva para las producciones cinematogr\u00e1ficas de fantas\u00eda; anteriormente ha servido como escenario para pel\u00edculas como &#8216;Avatar&#8217; (2009) de James Cameron y la trilog\u00eda de &#8216;El Se\u00f1or de los Anillos&#8217; dirigida por Peter Jackson, quien tambi\u00e9n regres\u00f3 all\u00ed para filmar &#8216;King Kong&#8217; (2005). En esas cintas, sus paisajes representaron lugares memorables como Isengard, el Vado del Bruinen y los Pilares de los Reyes.<\/p>\n<p>Aunque a\u00fan se desconoce la trama espec\u00edfica que narrar\u00e1 la pel\u00edcula de Zelda, la saga de videojuegos est\u00e1 llena de lugares ic\u00f3nicos que, en su salto al formato de acci\u00f3n real, se han beneficiado de la riqueza natural de Nueva Zelanda. Esto podr\u00eda hacer que el pa\u00eds sea recordado no solo como la Tierra Media, sino tambi\u00e9n como el reino de Hyrule.<\/p>\n<p>El rodaje de la pel\u00edcula est\u00e1 programado para extenderse hasta el mes de abril.<\/p>\n","protected":false},"excerpt":{"rendered":"<p>La producci\u00f3n de la adaptaci\u00f3n cinematogr\u00e1fica de &#8216;The Legend of Zelda&#8217; se est\u00e1 filmando en diversas regiones de Nueva Zelanda, incluidas algunas de las mismas&hellip;<\/p>\n","protected":false},"author":2,"featured_media":807,"comment_status":"open","ping_status":"open","sticky":false,"template":"","format":"standard","meta":{"footnotes":""},"categories":[290],"tags":[716,718,390,717,715],"class_list":["post-806","post","type-post","status-publish","format-standard","has-post-thumbnail","hentry","category-sociedad-y-cultura","tag-nueva-zelanda","tag-otago","tag-pelicula","tag-rodaje","tag-the-legend-of-zelda"],"_links":{"self":[{"href":"https:\/\/eldiariorepublicamx.com\/index.php?rest_route=\/wp\/v2\/posts\/806","targetHints":{"allow":["GET"]}}],"collection":[{"href":"https:\/\/eldiariorepublicamx.com\/index.php?rest_route=\/wp\/v2\/posts"}],"about":[{"href":"https:\/\/eldiariorepublicamx.com\/index.php?rest_route=\/wp\/v2\/types\/post"}],"author":[{"embeddable":true,"href":"https:\/\/eldiariorepublicamx.com\/index.php?rest_route=\/wp\/v2\/users\/2"}],"replies":[{"embeddable":true,"href":"https:\/\/eldiariorepublicamx.com\/index.php?rest_route=%2Fwp%2Fv2%2Fcomments&post=806"}],"version-history":[{"count":0,"href":"https:\/\/eldiariorepublicamx.com\/index.php?rest_route=\/wp\/v2\/posts\/806\/revisions"}],"wp:featuredmedia":[{"embeddable":true,"href":"https:\/\/eldiariorepublicamx.com\/index.php?rest_route=\/wp\/v2\/media\/807"}],"wp:attachment":[{"href":"https:\/\/eldiariorepublicamx.com\/index.php?rest_route=%2Fwp%2Fv2%2Fmedia&parent=806"}],"wp:term":[{"taxonomy":"category","embeddable":true,"href":"https:\/\/eldiariorepublicamx.com\/index.php?rest_route=%2Fwp%2Fv2%2Fcategories&post=806"},{"taxonomy":"post_tag","embeddable":true,"href":"https:\/\/eldiariorepublicamx.com\/index.php?rest_route=%2Fwp%2Fv2%2Ftags&post=806"}],"curies":[{"name":"wp","href":"https:\/\/api.w.org\/{rel}","templated":true}]}}