{"id":800,"date":"2026-04-05T14:28:21","date_gmt":"2026-04-05T20:28:21","guid":{"rendered":"https:\/\/eldiariorepublicamx.com\/?p=800"},"modified":"2026-04-05T14:28:21","modified_gmt":"2026-04-05T20:28:21","slug":"senado-discutira-nombramiento-en-exteriores-y-reforma-constitucional-contra-feminicidios","status":"publish","type":"post","link":"https:\/\/eldiariorepublicamx.com\/?p=800","title":{"rendered":"Senado discutir\u00e1 nombramiento en Exteriores y reforma constitucional contra feminicidios"},"content":{"rendered":"<p>El nombramiento del nuevo secretario de Relaciones Exteriores y una reforma constitucional para crear una ley general contra los feminicidios ser\u00e1n los temas centrales de la agenda del Senado de la Rep\u00fablica durante la semana del 6 al 10 de abril, seg\u00fan inform\u00f3 la presidenta de la C\u00e1mara alta, Laura Itzel Castillo Ju\u00e1rez.<\/p>\n<h3>Ratificaciones y reformas prioritarias<\/h3>\n<p>La legisladora de Morena destac\u00f3 que la propuesta de la presidenta Claudia Sheinbaum para designar a Roberto Velasco \u00c1lvarez como titular de la SRE ser\u00e1 uno de los asuntos a tratar. Paralelamente, las comisiones analizar\u00e1n la iniciativa presidencial para modificar el art\u00edculo 73 de la Constituci\u00f3n, con el objetivo de facultar al Congreso para expedir una legislaci\u00f3n general en materia de feminicidios.<\/p>\n<h3>Otros puntos de la agenda legislativa<\/h3>\n<p>Entre otras actividades previstas, se contempla la ratificaci\u00f3n de un vocal para la Junta de Gobierno del Instituto para la Protecci\u00f3n al Ahorro Bancario y la autorizaci\u00f3n para la salida de tropas nacionales con fines de entrenamiento. Adem\u00e1s, se someter\u00e1 a consideraci\u00f3n del Pleno un acuerdo para realizar una ceremonia por la inauguraci\u00f3n del &#8216;Sal\u00f3n Ing. Heberto Castillo Mart\u00ednez&#8217;.<\/p>\n<p>Se informar\u00e1 a los senadores sobre la recepci\u00f3n y publicaci\u00f3n de los Precriterios de Pol\u00edtica Econ\u00f3mica enviados por la Secretar\u00eda de Hacienda, que servir\u00e1n de base para el Paquete Econ\u00f3mico del a\u00f1o 2027.<\/p>\n<h3>An\u00e1lisis de minutas y proyectos<\/h3>\n<p>Tambi\u00e9n est\u00e1 programado el an\u00e1lisis en comisiones de varias minutas remitidas por la C\u00e1mara de Diputados, incluyendo la relativa a la Ley de Fomento de la Inversi\u00f3n en Infraestructura Estrat\u00e9gica para el Desarrollo con Bienestar. En el mismo periodo se discutir\u00e1n reformas a la Ley Federal de Presupuesto y Responsabilidad Hacendaria y un proyecto de decreto que modifica el art\u00edculo 141 del C\u00f3digo Fiscal de la Federaci\u00f3n.<\/p>\n<p>Castillo Ju\u00e1rez aclar\u00f3 que toda la agenda legislativa para esa semana est\u00e1 sujeta a cambios dependiendo del desarrollo de los trabajos parlamentarios.<\/p>\n","protected":false},"excerpt":{"rendered":"<p>El nombramiento del nuevo secretario de Relaciones Exteriores y una reforma constitucional para crear una ley general contra los feminicidios ser\u00e1n los temas centrales de&hellip;<\/p>\n","protected":false},"author":2,"featured_media":801,"comment_status":"open","ping_status":"open","sticky":false,"template":"","format":"standard","meta":{"footnotes":""},"categories":[252],"tags":[707,706,596,160,76],"class_list":["post-800","post","type-post","status-publish","format-standard","has-post-thumbnail","hentry","category-agenda-nacional","tag-agenda-legislativa","tag-feminicidios","tag-reforma-constitucional","tag-relaciones-exteriores","tag-senado"],"_links":{"self":[{"href":"https:\/\/eldiariorepublicamx.com\/index.php?rest_route=\/wp\/v2\/posts\/800","targetHints":{"allow":["GET"]}}],"collection":[{"href":"https:\/\/eldiariorepublicamx.com\/index.php?rest_route=\/wp\/v2\/posts"}],"about":[{"href":"https:\/\/eldiariorepublicamx.com\/index.php?rest_route=\/wp\/v2\/types\/post"}],"author":[{"embeddable":true,"href":"https:\/\/eldiariorepublicamx.com\/index.php?rest_route=\/wp\/v2\/users\/2"}],"replies":[{"embeddable":true,"href":"https:\/\/eldiariorepublicamx.com\/index.php?rest_route=%2Fwp%2Fv2%2Fcomments&post=800"}],"version-history":[{"count":0,"href":"https:\/\/eldiariorepublicamx.com\/index.php?rest_route=\/wp\/v2\/posts\/800\/revisions"}],"wp:featuredmedia":[{"embeddable":true,"href":"https:\/\/eldiariorepublicamx.com\/index.php?rest_route=\/wp\/v2\/media\/801"}],"wp:attachment":[{"href":"https:\/\/eldiariorepublicamx.com\/index.php?rest_route=%2Fwp%2Fv2%2Fmedia&parent=800"}],"wp:term":[{"taxonomy":"category","embeddable":true,"href":"https:\/\/eldiariorepublicamx.com\/index.php?rest_route=%2Fwp%2Fv2%2Fcategories&post=800"},{"taxonomy":"post_tag","embeddable":true,"href":"https:\/\/eldiariorepublicamx.com\/index.php?rest_route=%2Fwp%2Fv2%2Ftags&post=800"}],"curies":[{"name":"wp","href":"https:\/\/api.w.org\/{rel}","templated":true}]}}