{"id":798,"date":"2026-04-05T14:28:18","date_gmt":"2026-04-05T20:28:18","guid":{"rendered":"https:\/\/eldiariorepublicamx.com\/?p=798"},"modified":"2026-04-05T14:28:18","modified_gmt":"2026-04-05T20:28:18","slug":"senado-analizara-designacion-de-roberto-velasco-en-cancilleria-y-legislacion-contra-feminicidios","status":"publish","type":"post","link":"https:\/\/eldiariorepublicamx.com\/?p=798","title":{"rendered":"Senado analizar\u00e1 designaci\u00f3n de Roberto Velasco en Canciller\u00eda y legislaci\u00f3n contra feminicidios"},"content":{"rendered":"<p>La presidenta del Senado, Laura Itzel Castillo Ju\u00e1rez, anunci\u00f3 que la ratificaci\u00f3n de Roberto Velasco \u00c1lvarez como secretario de Relaciones Exteriores, propuesto por la presidenta Claudia Sheinbaum, ser\u00e1 uno de los temas centrales de la agenda legislativa durante la semana del 6 al 10 de abril.<\/p>\n<h3>Agenda legislativa de la semana<\/h3>\n<p>La senadora por Morena detall\u00f3, mediante sus redes sociales, que en ese periodo tambi\u00e9n se discutir\u00e1 en comisiones la iniciativa presidencial para reformar el art\u00edculo 73 de la Constituci\u00f3n. Este cambio busca facultar al Congreso para expedir una ley general en materia de feminicidios.<\/p>\n<p>Adem\u00e1s, est\u00e1 prevista la ratificaci\u00f3n del vocal de la Junta de Gobierno del Instituto para la Protecci\u00f3n al Ahorro Bancario y la autorizaci\u00f3n de una solicitud para permitir la salida de tropas del territorio nacional con fines de adiestramiento.<\/p>\n<h3>Otros asuntos en el pleno<\/h3>\n<p>Castillo Ju\u00e1rez adelant\u00f3 que se pondr\u00e1 a consideraci\u00f3n del Pleno un acuerdo para realizar una ceremonia solemne con motivo de la inauguraci\u00f3n del \u201cSal\u00f3n Ing. Heberto Castillo Mart\u00ednez\u201d.<\/p>\n<p>Tambi\u00e9n se informar\u00e1 a la asamblea sobre la recepci\u00f3n y publicaci\u00f3n de los Precriterios de Pol\u00edtica Econ\u00f3mica entregados por la Secretar\u00eda de Hacienda y Cr\u00e9dito P\u00fablico, los cuales servir\u00e1n como base para la elaboraci\u00f3n del Paquete Econ\u00f3mico 2027.<\/p>\n<h3>An\u00e1lisis de minutas y reformas<\/h3>\n<p>Se prev\u00e9 el an\u00e1lisis en comisiones de diversas minutas remitidas por la colegisladora, incluyendo la relativa a la Ley de Fomento de la Inversi\u00f3n en Infraestructura Estrat\u00e9gica para el Desarrollo con Bienestar.<\/p>\n<p>En el mismo periodo se discutir\u00e1n reformas a la Ley Federal de Presupuesto y Responsabilidad Hacendaria, as\u00ed como el proyecto de decreto que modifica el art\u00edculo 141 del C\u00f3digo Fiscal de la Federaci\u00f3n.<\/p>\n<p>La senadora record\u00f3 que la agenda programada est\u00e1 sujeta a cambios conforme avancen los trabajos legislativos.<\/p>\n","protected":false},"excerpt":{"rendered":"<p>La presidenta del Senado, Laura Itzel Castillo Ju\u00e1rez, anunci\u00f3 que la ratificaci\u00f3n de Roberto Velasco \u00c1lvarez como secretario de Relaciones Exteriores, propuesto por la presidenta&hellip;<\/p>\n","protected":false},"author":2,"featured_media":799,"comment_status":"open","ping_status":"open","sticky":false,"template":"","format":"standard","meta":{"footnotes":""},"categories":[252],"tags":[707,706,606,76,99],"class_list":["post-798","post","type-post","status-publish","format-standard","has-post-thumbnail","hentry","category-agenda-nacional","tag-agenda-legislativa","tag-feminicidios","tag-roberto-velasco","tag-senado","tag-sre"],"_links":{"self":[{"href":"https:\/\/eldiariorepublicamx.com\/index.php?rest_route=\/wp\/v2\/posts\/798","targetHints":{"allow":["GET"]}}],"collection":[{"href":"https:\/\/eldiariorepublicamx.com\/index.php?rest_route=\/wp\/v2\/posts"}],"about":[{"href":"https:\/\/eldiariorepublicamx.com\/index.php?rest_route=\/wp\/v2\/types\/post"}],"author":[{"embeddable":true,"href":"https:\/\/eldiariorepublicamx.com\/index.php?rest_route=\/wp\/v2\/users\/2"}],"replies":[{"embeddable":true,"href":"https:\/\/eldiariorepublicamx.com\/index.php?rest_route=%2Fwp%2Fv2%2Fcomments&post=798"}],"version-history":[{"count":0,"href":"https:\/\/eldiariorepublicamx.com\/index.php?rest_route=\/wp\/v2\/posts\/798\/revisions"}],"wp:featuredmedia":[{"embeddable":true,"href":"https:\/\/eldiariorepublicamx.com\/index.php?rest_route=\/wp\/v2\/media\/799"}],"wp:attachment":[{"href":"https:\/\/eldiariorepublicamx.com\/index.php?rest_route=%2Fwp%2Fv2%2Fmedia&parent=798"}],"wp:term":[{"taxonomy":"category","embeddable":true,"href":"https:\/\/eldiariorepublicamx.com\/index.php?rest_route=%2Fwp%2Fv2%2Fcategories&post=798"},{"taxonomy":"post_tag","embeddable":true,"href":"https:\/\/eldiariorepublicamx.com\/index.php?rest_route=%2Fwp%2Fv2%2Ftags&post=798"}],"curies":[{"name":"wp","href":"https:\/\/api.w.org\/{rel}","templated":true}]}}