{"id":794,"date":"2026-04-05T14:28:10","date_gmt":"2026-04-05T20:28:10","guid":{"rendered":"https:\/\/eldiariorepublicamx.com\/?p=794"},"modified":"2026-04-05T14:28:10","modified_gmt":"2026-04-05T20:28:10","slug":"gobierno-de-sheinbaum-otorga-estimulos-fiscales-para-promover-produccion-cinematografica-en-mexico","status":"publish","type":"post","link":"https:\/\/eldiariorepublicamx.com\/?p=794","title":{"rendered":"Gobierno de Sheinbaum otorga est\u00edmulos fiscales para promover producci\u00f3n cinematogr\u00e1fica en M\u00e9xico"},"content":{"rendered":"<p>La presidenta de M\u00e9xico, Claudia Sheinbaum, anunci\u00f3 desde Palacio Nacional un paquete de incentivos tributarios destinado a reactivar la industria del cine nacional, con el objetivo de generar empleos y atraer inversiones.<\/p>\n<p>La mandataria detall\u00f3 que se implementar\u00e1 un descuento del 30% en el Impuesto Sobre la Renta (ISR) para las producciones que se realicen en territorio mexicano, siempre y cuando al menos el 70% del gasto se destine a contratar empresas o trabajadores locales.<\/p>\n<h3>Medidas para fortalecer la exhibici\u00f3n<\/h3>\n<p>Adem\u00e1s del est\u00edmulo fiscal, Sheinbaum estableci\u00f3 que el 10% de las pel\u00edculas proyectadas en las salas de cine del pa\u00eds deben ser producciones nacionales, y que estas deben programarse en horarios de alta audiencia.<\/p>\n<p>&#8220;Eso va a crear m\u00e1s empleos y, por supuesto, a promover a M\u00e9xico en todo el mundo&#8221;, subray\u00f3 la presidenta durante la presentaci\u00f3n de este nuevo esquema, que tuvo lugar el pasado 15 de febrero junto a representantes de la comunidad cinematogr\u00e1fica.<\/p>\n<h3>Objetivos de la pol\u00edtica cultural<\/h3>\n<p>El programa, que otorga un cr\u00e9dito fiscal aplicable al ISR, forma parte de una estrategia integral para fortalecer las cadenas de proveedur\u00eda local y posicionar a M\u00e9xico como un destino atractivo para la industria audiovisual internacional.<\/p>\n<p>Sheinbaum reiter\u00f3 que el cine mexicano no solo representa una actividad econ\u00f3mica importante, sino que tambi\u00e9n es un instrumento fundamental para proyectar la cultura y la identidad del pa\u00eds a nivel global.<\/p>\n","protected":false},"excerpt":{"rendered":"<p>La presidenta de M\u00e9xico, Claudia Sheinbaum, anunci\u00f3 desde Palacio Nacional un paquete de incentivos tributarios destinado a reactivar la industria del cine nacional, con el&hellip;<\/p>\n","protected":false},"author":2,"featured_media":795,"comment_status":"open","ping_status":"open","sticky":false,"template":"","format":"standard","meta":{"footnotes":""},"categories":[252,290],"tags":[701,63,702,703,288],"class_list":["post-794","post","type-post","status-publish","format-standard","has-post-thumbnail","hentry","category-agenda-nacional","category-sociedad-y-cultura","tag-cine-mexicano","tag-empleo","tag-incentivos-fiscales","tag-isr","tag-sheinbaum"],"_links":{"self":[{"href":"https:\/\/eldiariorepublicamx.com\/index.php?rest_route=\/wp\/v2\/posts\/794","targetHints":{"allow":["GET"]}}],"collection":[{"href":"https:\/\/eldiariorepublicamx.com\/index.php?rest_route=\/wp\/v2\/posts"}],"about":[{"href":"https:\/\/eldiariorepublicamx.com\/index.php?rest_route=\/wp\/v2\/types\/post"}],"author":[{"embeddable":true,"href":"https:\/\/eldiariorepublicamx.com\/index.php?rest_route=\/wp\/v2\/users\/2"}],"replies":[{"embeddable":true,"href":"https:\/\/eldiariorepublicamx.com\/index.php?rest_route=%2Fwp%2Fv2%2Fcomments&post=794"}],"version-history":[{"count":0,"href":"https:\/\/eldiariorepublicamx.com\/index.php?rest_route=\/wp\/v2\/posts\/794\/revisions"}],"wp:featuredmedia":[{"embeddable":true,"href":"https:\/\/eldiariorepublicamx.com\/index.php?rest_route=\/wp\/v2\/media\/795"}],"wp:attachment":[{"href":"https:\/\/eldiariorepublicamx.com\/index.php?rest_route=%2Fwp%2Fv2%2Fmedia&parent=794"}],"wp:term":[{"taxonomy":"category","embeddable":true,"href":"https:\/\/eldiariorepublicamx.com\/index.php?rest_route=%2Fwp%2Fv2%2Fcategories&post=794"},{"taxonomy":"post_tag","embeddable":true,"href":"https:\/\/eldiariorepublicamx.com\/index.php?rest_route=%2Fwp%2Fv2%2Ftags&post=794"}],"curies":[{"name":"wp","href":"https:\/\/api.w.org\/{rel}","templated":true}]}}