{"id":792,"date":"2026-04-05T14:28:06","date_gmt":"2026-04-05T20:28:06","guid":{"rendered":"https:\/\/eldiariorepublicamx.com\/?p=792"},"modified":"2026-04-05T14:28:06","modified_gmt":"2026-04-05T20:28:06","slug":"jugador-mexicano-obed-vargas-destaca-con-atletico-de-madrid-en-partido-contra-el-barcelona","status":"publish","type":"post","link":"https:\/\/eldiariorepublicamx.com\/?p=792","title":{"rendered":"Jugador mexicano Obed Vargas destaca con Atl\u00e9tico de Madrid en partido contra el Barcelona"},"content":{"rendered":"<p>El mediocampista mexicano Obed Vargas fue una de las figuras m\u00e1s destacadas del Atl\u00e9tico de Madrid en su encuentro contra el Barcelona, disputado el 4 de abril de 2026 en el Civitas Metropolitano, a pesar de que su equipo cay\u00f3 por 2-1. Vargas respondi\u00f3 a la titularidad otorgada por el t\u00e9cnico Diego Simeone jugando los 90 minutos completos y dejando una impresi\u00f3n positiva en un partido de alta exigencia.<\/p>\n<h3>Reconocimiento de la afici\u00f3n<\/h3>\n<p>La derrota del conjunto colchonero no opac\u00f3 la actuaci\u00f3n del futbolista de 20 a\u00f1os, quien recibi\u00f3 el reconocimiento p\u00fablico de los seguidores rojiblancos a trav\u00e9s de redes sociales. Comentarios como <\/p>\n<blockquote><p>\u201cBastante decente el nivel que ha dado\u201d<\/p><\/blockquote>\n<p> y <\/p>\n<blockquote><p>\u201cmenudo partidazo se ha marcado el mexicano\u201d<\/p><\/blockquote>\n<p> resaltaron su desempe\u00f1o en un contexto marcado por la pol\u00e9mica arbitral.<\/p>\n<h3>Respuesta a la oportunidad<\/h3>\n<p>Ante las m\u00faltiples bajas en la plantilla, Simeone decidi\u00f3 darle la oportunidad a Vargas en el once inicial, una decisi\u00f3n considerada arriesgada por algunos. El jugador mexicano respondi\u00f3 mostrando personalidad, car\u00e1cter y soltura en el centro del campo, adem\u00e1s de cortar en varias ocasiones los avances del equipo blaugrana.<\/p>\n<h3>Elogios m\u00e1s all\u00e1 de la grada<\/h3>\n<p>Su rendimiento no solo fue valorado por la afici\u00f3n, sino tambi\u00e9n por analistas y periodistas especializados, quienes coincidieron en que el mexicano cumpli\u00f3 con creces las expectativas. Se subray\u00f3 que este tipo de encuentros de alto nivel son fundamentales para la formaci\u00f3n de los futbolistas, y Vargas demostr\u00f3 su capacidad para competir en ese escenario.<\/p>\n<p>La actuaci\u00f3n del mediocampista abre la puerta para que pueda ganar m\u00e1s protagonismo en el esquema del Atl\u00e9tico de Madrid en futuros compromisos. Con confianza y minutos de juego, Obed Vargas comienza a labrarse un espacio y a ganarse el respaldo de una afici\u00f3n que ya ha tomado nota de su talento.<\/p>\n","protected":false},"excerpt":{"rendered":"<p>El mediocampista mexicano Obed Vargas fue una de las figuras m\u00e1s destacadas del Atl\u00e9tico de Madrid en su encuentro contra el Barcelona, disputado el 4&hellip;<\/p>\n","protected":false},"author":2,"featured_media":793,"comment_status":"open","ping_status":"open","sticky":false,"template":"","format":"standard","meta":{"footnotes":""},"categories":[291],"tags":[697,698,699,700,696],"class_list":["post-792","post","type-post","status-publish","format-standard","has-post-thumbnail","hentry","category-deportes","tag-atletico-de-madrid","tag-barcelona","tag-laliga","tag-mediocampista","tag-obed-vargas"],"_links":{"self":[{"href":"https:\/\/eldiariorepublicamx.com\/index.php?rest_route=\/wp\/v2\/posts\/792","targetHints":{"allow":["GET"]}}],"collection":[{"href":"https:\/\/eldiariorepublicamx.com\/index.php?rest_route=\/wp\/v2\/posts"}],"about":[{"href":"https:\/\/eldiariorepublicamx.com\/index.php?rest_route=\/wp\/v2\/types\/post"}],"author":[{"embeddable":true,"href":"https:\/\/eldiariorepublicamx.com\/index.php?rest_route=\/wp\/v2\/users\/2"}],"replies":[{"embeddable":true,"href":"https:\/\/eldiariorepublicamx.com\/index.php?rest_route=%2Fwp%2Fv2%2Fcomments&post=792"}],"version-history":[{"count":0,"href":"https:\/\/eldiariorepublicamx.com\/index.php?rest_route=\/wp\/v2\/posts\/792\/revisions"}],"wp:featuredmedia":[{"embeddable":true,"href":"https:\/\/eldiariorepublicamx.com\/index.php?rest_route=\/wp\/v2\/media\/793"}],"wp:attachment":[{"href":"https:\/\/eldiariorepublicamx.com\/index.php?rest_route=%2Fwp%2Fv2%2Fmedia&parent=792"}],"wp:term":[{"taxonomy":"category","embeddable":true,"href":"https:\/\/eldiariorepublicamx.com\/index.php?rest_route=%2Fwp%2Fv2%2Fcategories&post=792"},{"taxonomy":"post_tag","embeddable":true,"href":"https:\/\/eldiariorepublicamx.com\/index.php?rest_route=%2Fwp%2Fv2%2Ftags&post=792"}],"curies":[{"name":"wp","href":"https:\/\/api.w.org\/{rel}","templated":true}]}}