{"id":779,"date":"2026-04-04T12:26:03","date_gmt":"2026-04-04T18:26:03","guid":{"rendered":"https:\/\/eldiariorepublicamx.com\/?p=779"},"modified":"2026-04-04T12:26:03","modified_gmt":"2026-04-04T18:26:03","slug":"legisladores-de-morena-rechazan-reporte-de-la-onu-sobre-desapariciones-lo-tachan-de-parcial-y-de-injerencia","status":"publish","type":"post","link":"https:\/\/eldiariorepublicamx.com\/?p=779","title":{"rendered":"Legisladores de Morena rechazan reporte de la ONU sobre desapariciones, lo tachan de parcial y de injerencia"},"content":{"rendered":"<p>Senadores del partido Morena cerraron filas con el Gobierno Federal para rechazar de manera tajante un informe del Comit\u00e9 contra la Desaparici\u00f3n Forzada de la ONU, al que calificaron de &#8220;tendencioso&#8221;, &#8220;injerencista&#8221; y &#8220;sesgado&#8221;.<\/p>\n<h3>Cr\u00edticas al enfoque del organismo internacional<\/h3>\n<p>El rechazo surgi\u00f3 luego de que el organismo internacional publicara un documento donde se\u00f1ala que las desapariciones en el pa\u00eds contin\u00faan siendo &#8220;generalizadas y sistem\u00e1ticas&#8221;, y propuso que el tema sea abordado en la Asamblea General de las Naciones Unidas.<\/p>\n<p>Los legisladores de la Cuarta Transformaci\u00f3n argumentaron que el reporte se centra principalmente en hechos ocurridos entre 2009 y 2017, periodos correspondientes a los gobiernos de Felipe Calder\u00f3n y Enrique Pe\u00f1a Nieto, ignorando los cambios institucionales implementados desde 2018.<\/p>\n<h3>Omisi\u00f3n de logros recientes y defensa de la soberan\u00eda<\/h3>\n<p>Encabezados por figuras como Ignacio Mier Velazco, Manuel Huerta e Higinio Mart\u00ednez, los senadores acusaron al comit\u00e9 de haber pasado por alto herramientas recientes como la Alerta Nacional de B\u00fasqueda y las reformas legales de julio de 2025.<\/p>\n<p>Calificaron la postura de la ONU como una actitud &#8220;reprochable&#8221; e &#8220;injerencista&#8221;, asegurando que el Estado mexicano actual no tolera ni promueve estas pr\u00e1cticas, a diferencia de lo que ocurr\u00eda en administraciones anteriores.<\/p>\n<h3>Acciones parlamentarias y postura del Ejecutivo<\/h3>\n<p>El senador Ignacio Mier anunci\u00f3 que presentar\u00e1 una protesta en\u00e9rgica ante el pleno de la C\u00e1mara de Senadores el pr\u00f3ximo martes. La mayor\u00eda parlamentaria de Morena buscar\u00e1 formalizar un pronunciamiento oficial de rechazo, incluso si las bancadas opositoras deciden no apoyar la iniciativa.<\/p>\n<p>Por otro lado, el Gobierno de M\u00e9xico, a trav\u00e9s de la Secretar\u00eda de Relaciones Exteriores y la Secretar\u00eda de Gobernaci\u00f3n, reiter\u00f3 que no aceptar\u00e1 diagn\u00f3sticos que no se fundamenten en una base real y objetiva sobre la situaci\u00f3n actual del pa\u00eds.<\/p>\n","protected":false},"excerpt":{"rendered":"<p>Senadores del partido Morena cerraron filas con el Gobierno Federal para rechazar de manera tajante un informe del Comit\u00e9 contra la Desaparici\u00f3n Forzada de la&hellip;<\/p>\n","protected":false},"author":2,"featured_media":780,"comment_status":"open","ping_status":"open","sticky":false,"template":"","format":"standard","meta":{"footnotes":""},"categories":[252],"tags":[399,667,18,641,76],"class_list":["post-779","post","type-post","status-publish","format-standard","has-post-thumbnail","hentry","category-agenda-nacional","tag-desapariciones","tag-informe","tag-morena","tag-onu","tag-senado"],"_links":{"self":[{"href":"https:\/\/eldiariorepublicamx.com\/index.php?rest_route=\/wp\/v2\/posts\/779","targetHints":{"allow":["GET"]}}],"collection":[{"href":"https:\/\/eldiariorepublicamx.com\/index.php?rest_route=\/wp\/v2\/posts"}],"about":[{"href":"https:\/\/eldiariorepublicamx.com\/index.php?rest_route=\/wp\/v2\/types\/post"}],"author":[{"embeddable":true,"href":"https:\/\/eldiariorepublicamx.com\/index.php?rest_route=\/wp\/v2\/users\/2"}],"replies":[{"embeddable":true,"href":"https:\/\/eldiariorepublicamx.com\/index.php?rest_route=%2Fwp%2Fv2%2Fcomments&post=779"}],"version-history":[{"count":0,"href":"https:\/\/eldiariorepublicamx.com\/index.php?rest_route=\/wp\/v2\/posts\/779\/revisions"}],"wp:featuredmedia":[{"embeddable":true,"href":"https:\/\/eldiariorepublicamx.com\/index.php?rest_route=\/wp\/v2\/media\/780"}],"wp:attachment":[{"href":"https:\/\/eldiariorepublicamx.com\/index.php?rest_route=%2Fwp%2Fv2%2Fmedia&parent=779"}],"wp:term":[{"taxonomy":"category","embeddable":true,"href":"https:\/\/eldiariorepublicamx.com\/index.php?rest_route=%2Fwp%2Fv2%2Fcategories&post=779"},{"taxonomy":"post_tag","embeddable":true,"href":"https:\/\/eldiariorepublicamx.com\/index.php?rest_route=%2Fwp%2Fv2%2Ftags&post=779"}],"curies":[{"name":"wp","href":"https:\/\/api.w.org\/{rel}","templated":true}]}}