{"id":777,"date":"2026-04-04T12:25:59","date_gmt":"2026-04-04T18:25:59","guid":{"rendered":"https:\/\/eldiariorepublicamx.com\/?p=777"},"modified":"2026-04-04T12:25:59","modified_gmt":"2026-04-04T18:25:59","slug":"sheinbaum-anuncia-cobertura-total-de-becas-educativas-y-ampliacion-a-primaria-en-agosto","status":"publish","type":"post","link":"https:\/\/eldiariorepublicamx.com\/?p=777","title":{"rendered":"Sheinbaum anuncia cobertura total de becas educativas y ampliaci\u00f3n a primaria en agosto"},"content":{"rendered":"<p>La presidenta de M\u00e9xico, Claudia Sheinbaum, inform\u00f3 que su administraci\u00f3n ha logrado la cobertura universal de becas para estudiantes de escuelas p\u00fablicas en los niveles de Educaci\u00f3n B\u00e1sica y Media Superior, y revel\u00f3 que en agosto pr\u00f3ximo se extender\u00e1n estos apoyos a los alumnos de primaria.<\/p>\n<h3>Detalles de los programas de apoyo<\/h3>\n<p>La mandataria federal, a trav\u00e9s de sus cuentas en redes sociales, detall\u00f3 el alcance de los programas sociales en educaci\u00f3n. Afirm\u00f3 que \u201ctodos los estudiantes de Educaci\u00f3n Media Superior de escuelas p\u00fablicas reciben la beca Benito Ju\u00e1rez\u201d y que \u201c425 mil estudiantes universitarios reciben la beca J\u00f3venes Escribiendo el Futuro\u201d.<\/p>\n<p>En el mismo comunicado, Sheinbaum a\u00f1adi\u00f3 que \u201ctodas las y los estudiantes de secundaria p\u00fablica reciben la beca Rita Cetina\u201d. Respecto a la nueva expansi\u00f3n, anunci\u00f3 que \u201cen 2026 todas las y los estudiantes de primaria p\u00fablica recibir\u00e1n en agosto un apoyo para \u00fatiles y uniformes escolares\u201d.<\/p>\n<h3>Objetivo y origen de las pol\u00edticas<\/h3>\n<p>La presidenta fundament\u00f3 estas acciones al se\u00f1alar que \u201cLas becas apoyan la econom\u00eda familiar, reconocen el estudio como un derecho esencial y fortalecen la educaci\u00f3n p\u00fablica\u201d. Estos programas emblem\u00e1ticos, incluidos la Beca Benito Ju\u00e1rez y J\u00f3venes Escribiendo el Futuro, fueron creados e implementados desde el gobierno del expresidente Andr\u00e9s Manuel L\u00f3pez Obrador y se han consolidado como un eje central de la pol\u00edtica social del proyecto de transformaci\u00f3n en materia educativa.<\/p>\n<h3>Perspectivas y retos se\u00f1alados<\/h3>\n<p>Pese al avance reportado en la cobertura, algunos analistas han se\u00f1alado que, aunque el n\u00famero de beneficiarios ha aumentado considerablemente en los \u00faltimos a\u00f1os, a\u00fan existen desaf\u00edos en aspectos como la correcta focalizaci\u00f3n de los recursos y el efecto tangible de estas ayudas en m\u00e9tricas clave, como la reducci\u00f3n de la deserci\u00f3n escolar, sobre todo en el nivel medio superior.<\/p>\n","protected":false},"excerpt":{"rendered":"<p>La presidenta de M\u00e9xico, Claudia Sheinbaum, inform\u00f3 que su administraci\u00f3n ha logrado la cobertura universal de becas para estudiantes de escuelas p\u00fablicas en los niveles&hellip;<\/p>\n","protected":false},"author":2,"featured_media":778,"comment_status":"open","ping_status":"open","sticky":false,"template":"","format":"standard","meta":{"footnotes":""},"categories":[252,290],"tags":[74,13,309,96,686],"class_list":["post-777","post","type-post","status-publish","format-standard","has-post-thumbnail","hentry","category-agenda-nacional","category-sociedad-y-cultura","tag-becas","tag-claudia-sheinbaum","tag-educacion","tag-gobierno-federal","tag-politica-social"],"_links":{"self":[{"href":"https:\/\/eldiariorepublicamx.com\/index.php?rest_route=\/wp\/v2\/posts\/777","targetHints":{"allow":["GET"]}}],"collection":[{"href":"https:\/\/eldiariorepublicamx.com\/index.php?rest_route=\/wp\/v2\/posts"}],"about":[{"href":"https:\/\/eldiariorepublicamx.com\/index.php?rest_route=\/wp\/v2\/types\/post"}],"author":[{"embeddable":true,"href":"https:\/\/eldiariorepublicamx.com\/index.php?rest_route=\/wp\/v2\/users\/2"}],"replies":[{"embeddable":true,"href":"https:\/\/eldiariorepublicamx.com\/index.php?rest_route=%2Fwp%2Fv2%2Fcomments&post=777"}],"version-history":[{"count":0,"href":"https:\/\/eldiariorepublicamx.com\/index.php?rest_route=\/wp\/v2\/posts\/777\/revisions"}],"wp:featuredmedia":[{"embeddable":true,"href":"https:\/\/eldiariorepublicamx.com\/index.php?rest_route=\/wp\/v2\/media\/778"}],"wp:attachment":[{"href":"https:\/\/eldiariorepublicamx.com\/index.php?rest_route=%2Fwp%2Fv2%2Fmedia&parent=777"}],"wp:term":[{"taxonomy":"category","embeddable":true,"href":"https:\/\/eldiariorepublicamx.com\/index.php?rest_route=%2Fwp%2Fv2%2Fcategories&post=777"},{"taxonomy":"post_tag","embeddable":true,"href":"https:\/\/eldiariorepublicamx.com\/index.php?rest_route=%2Fwp%2Fv2%2Ftags&post=777"}],"curies":[{"name":"wp","href":"https:\/\/api.w.org\/{rel}","templated":true}]}}