{"id":775,"date":"2026-04-04T12:25:59","date_gmt":"2026-04-04T18:25:59","guid":{"rendered":"https:\/\/eldiariorepublicamx.com\/?p=775"},"modified":"2026-04-04T12:25:59","modified_gmt":"2026-04-04T18:25:59","slug":"la-presidenta-sheinbaum-proyecta-confianza-economica-pese-a-senalamientos-de-riesgos","status":"publish","type":"post","link":"https:\/\/eldiariorepublicamx.com\/?p=775","title":{"rendered":"La presidenta Sheinbaum proyecta confianza econ\u00f3mica pese a se\u00f1alamientos de riesgos"},"content":{"rendered":"<p>La presidenta de M\u00e9xico, Claudia Sheinbaum, manifest\u00f3 su confianza en la trayectoria econ\u00f3mica nacional, argumentando que la percepci\u00f3n de una mejor\u00eda en el bienestar ciudadano hace complejo un regreso de la derecha al gobierno, seg\u00fan sondeos de opini\u00f3n.<\/p>\n<h3>Fundamentos del optimismo oficial<\/h3>\n<p>La mandataria resalt\u00f3 la estabilidad de la econom\u00eda, la fortaleza del peso y el control sobre la inflaci\u00f3n, aun reconociendo los desaf\u00edos del exterior y algunos incrementos de precios en ciertos productos por causas ambientales. Puntualiz\u00f3 que la inversi\u00f3n, tanto p\u00fablica como privada, incluyendo modelos de colaboraci\u00f3n, es clave para apuntalar el crecimiento frente a un panorama mundial complicado.<\/p>\n<h3>Reacciones y perspectivas encontradas<\/h3>\n<p>Esta postura del Ejecutivo fue reforzada despu\u00e9s de encuentros con el Banco de M\u00e9xico, la banca y economistas para trazar la ruta econ\u00f3mica hacia el 2026. No obstante, la estrategia y sus pron\u00f3sticos han desatado discusiones entre analistas e instituciones internacionales. Mientras el gobierno federal mantiene una proyecci\u00f3n de crecimiento alentadora y planea conservar subsidios y la estabilidad en los precios de los energ\u00e9ticos, algunos alertan sobre peligros como una inversi\u00f3n reducida, la volatilidad en las cotizaciones del crudo y la amenaza de una recesi\u00f3n a nivel global, con estimaciones de expansi\u00f3n m\u00e1s modestas por parte de organismos for\u00e1neos.<\/p>\n<h3>Cuestionamientos sobre las finanzas p\u00fablicas<\/h3>\n<p>Especialistas en finanzas p\u00fablicas han indicado que el Paquete Econ\u00f3mico para 2026, presentado en septiembre de 2025 por la Secretar\u00eda de Hacienda, contemplaba un aumento en el gasto total y un nivel de deuda superior al previsto en un inicio, lo cual podr\u00eda tensionar las cuentas p\u00fablicas. El debate en el Congreso sobre el presupuesto del pr\u00f3ximo a\u00f1o ya anticipaba posibles ajustes y presiones sobre los programas de apoyo social ante la escasez de fondos.<\/p>\n<h3>Divisi\u00f3n en la percepci\u00f3n ciudadana<\/h3>\n<p>La visi\u00f3n de la sociedad, seg\u00fan diversos an\u00e1lisis, presenta una divisi\u00f3n respecto al rumbo econ\u00f3mico. Por un lado, la administraci\u00f3n hace hincapi\u00e9 en la consolidaci\u00f3n de los programas sociales y la estabilidad macroecon\u00f3mica; por el otro, voces cr\u00edticas apuntan hacia la necesidad de mayor claridad y el riesgo de que las decisiones p\u00fablicas se adopten sin un examen suficiente, lo que podr\u00eda mermar la confianza y la capacidad de la gente para cuestionar.<\/p>\n","protected":false},"excerpt":{"rendered":"<p>La presidenta de M\u00e9xico, Claudia Sheinbaum, manifest\u00f3 su confianza en la trayectoria econ\u00f3mica nacional, argumentando que la percepci\u00f3n de una mejor\u00eda en el bienestar ciudadano&hellip;<\/p>\n","protected":false},"author":2,"featured_media":776,"comment_status":"open","ping_status":"open","sticky":false,"template":"","format":"standard","meta":{"footnotes":""},"categories":[52],"tags":[684,685,64,447,288],"class_list":["post-775","post","type-post","status-publish","format-standard","has-post-thumbnail","hentry","category-economia","tag-crecimiento","tag-debate","tag-economia","tag-presupuesto","tag-sheinbaum"],"_links":{"self":[{"href":"https:\/\/eldiariorepublicamx.com\/index.php?rest_route=\/wp\/v2\/posts\/775","targetHints":{"allow":["GET"]}}],"collection":[{"href":"https:\/\/eldiariorepublicamx.com\/index.php?rest_route=\/wp\/v2\/posts"}],"about":[{"href":"https:\/\/eldiariorepublicamx.com\/index.php?rest_route=\/wp\/v2\/types\/post"}],"author":[{"embeddable":true,"href":"https:\/\/eldiariorepublicamx.com\/index.php?rest_route=\/wp\/v2\/users\/2"}],"replies":[{"embeddable":true,"href":"https:\/\/eldiariorepublicamx.com\/index.php?rest_route=%2Fwp%2Fv2%2Fcomments&post=775"}],"version-history":[{"count":0,"href":"https:\/\/eldiariorepublicamx.com\/index.php?rest_route=\/wp\/v2\/posts\/775\/revisions"}],"wp:featuredmedia":[{"embeddable":true,"href":"https:\/\/eldiariorepublicamx.com\/index.php?rest_route=\/wp\/v2\/media\/776"}],"wp:attachment":[{"href":"https:\/\/eldiariorepublicamx.com\/index.php?rest_route=%2Fwp%2Fv2%2Fmedia&parent=775"}],"wp:term":[{"taxonomy":"category","embeddable":true,"href":"https:\/\/eldiariorepublicamx.com\/index.php?rest_route=%2Fwp%2Fv2%2Fcategories&post=775"},{"taxonomy":"post_tag","embeddable":true,"href":"https:\/\/eldiariorepublicamx.com\/index.php?rest_route=%2Fwp%2Fv2%2Ftags&post=775"}],"curies":[{"name":"wp","href":"https:\/\/api.w.org\/{rel}","templated":true}]}}