{"id":769,"date":"2026-04-04T12:25:41","date_gmt":"2026-04-04T18:25:41","guid":{"rendered":"https:\/\/eldiariorepublicamx.com\/?p=769"},"modified":"2026-04-04T12:25:41","modified_gmt":"2026-04-04T18:25:41","slug":"concurso-nacional-premia-con-entrada-a-inauguracion-del-mundial-a-joven-mexicana-en-representacion-de-la-presidenta","status":"publish","type":"post","link":"https:\/\/eldiariorepublicamx.com\/?p=769","title":{"rendered":"Concurso nacional premia con entrada a inauguraci\u00f3n del Mundial a joven mexicana en representaci\u00f3n de la presidenta"},"content":{"rendered":"<p>La presidenta de M\u00e9xico, Claudia Sheinbaum, convoca a mujeres mexicanas de entre 16 y 25 a\u00f1os a participar en un concurso para ganar su boleto personal y asistir en su representaci\u00f3n a la inauguraci\u00f3n de la Copa Mundial FIFA 2026 en el Estadio Azteca de la Ciudad de M\u00e9xico.<\/p>\n<p>El concurso, anunciado el pasado 5 de marzo, otorgar\u00e1 el boleto con el n\u00famero 00001 a la ganadora. Las interesadas tienen hasta el pr\u00f3ximo 10 de abril para participar subiendo un video de dos minutos en formato vertical al sitio web oficial del certamen.<\/p>\n<h3>Jurado especializado<\/h3>\n<p>La elecci\u00f3n de la joven que acompa\u00f1ar\u00e1 a la presidenta en el evento deportivo estar\u00e1 a cargo de un jurado compuesto por tres expertas del \u00e1mbito deportivo: la \u00e1rbitra internacional Katia Itzel Garc\u00eda, la futbolista profesional Charlyn Corral y la periodista deportiva Gabriela Fern\u00e1ndez de Lara.<\/p>\n","protected":false},"excerpt":{"rendered":"<p>La presidenta de M\u00e9xico, Claudia Sheinbaum, convoca a mujeres mexicanas de entre 16 y 25 a\u00f1os a participar en un concurso para ganar su boleto&hellip;<\/p>\n","protected":false},"author":2,"featured_media":770,"comment_status":"open","ping_status":"open","sticky":false,"template":"","format":"standard","meta":{"footnotes":""},"categories":[291,290],"tags":[13,676,553,677,120],"class_list":["post-769","post","type-post","status-publish","format-standard","has-post-thumbnail","hentry","category-deportes","category-sociedad-y-cultura","tag-claudia-sheinbaum","tag-concurso","tag-estadio-azteca","tag-jurado","tag-mundial-2026"],"_links":{"self":[{"href":"https:\/\/eldiariorepublicamx.com\/index.php?rest_route=\/wp\/v2\/posts\/769","targetHints":{"allow":["GET"]}}],"collection":[{"href":"https:\/\/eldiariorepublicamx.com\/index.php?rest_route=\/wp\/v2\/posts"}],"about":[{"href":"https:\/\/eldiariorepublicamx.com\/index.php?rest_route=\/wp\/v2\/types\/post"}],"author":[{"embeddable":true,"href":"https:\/\/eldiariorepublicamx.com\/index.php?rest_route=\/wp\/v2\/users\/2"}],"replies":[{"embeddable":true,"href":"https:\/\/eldiariorepublicamx.com\/index.php?rest_route=%2Fwp%2Fv2%2Fcomments&post=769"}],"version-history":[{"count":0,"href":"https:\/\/eldiariorepublicamx.com\/index.php?rest_route=\/wp\/v2\/posts\/769\/revisions"}],"wp:featuredmedia":[{"embeddable":true,"href":"https:\/\/eldiariorepublicamx.com\/index.php?rest_route=\/wp\/v2\/media\/770"}],"wp:attachment":[{"href":"https:\/\/eldiariorepublicamx.com\/index.php?rest_route=%2Fwp%2Fv2%2Fmedia&parent=769"}],"wp:term":[{"taxonomy":"category","embeddable":true,"href":"https:\/\/eldiariorepublicamx.com\/index.php?rest_route=%2Fwp%2Fv2%2Fcategories&post=769"},{"taxonomy":"post_tag","embeddable":true,"href":"https:\/\/eldiariorepublicamx.com\/index.php?rest_route=%2Fwp%2Fv2%2Ftags&post=769"}],"curies":[{"name":"wp","href":"https:\/\/api.w.org\/{rel}","templated":true}]}}