{"id":764,"date":"2026-04-04T10:32:01","date_gmt":"2026-04-04T16:32:01","guid":{"rendered":"https:\/\/eldiariorepublicamx.com\/?p=764"},"modified":"2026-04-04T10:32:01","modified_gmt":"2026-04-04T16:32:01","slug":"anuncia-el-gobierno-pago-doble-de-becas-para-alumnos-de-media-superior-y-superior","status":"publish","type":"post","link":"https:\/\/eldiariorepublicamx.com\/?p=764","title":{"rendered":"Anuncia el gobierno pago doble de becas para alumnos de media superior y superior"},"content":{"rendered":"<p>Alumnos beneficiarios de los programas Beca Benito Ju\u00e1rez para educaci\u00f3n media superior y J\u00f3venes Escribiendo el Futuro para nivel superior recibir\u00e1n un dep\u00f3sito doble durante el mes de abril, seg\u00fan se inform\u00f3 en la conferencia matutina desde Palacio Nacional.<\/p>\n<h3>Detalles de los pagos duplicados<\/h3>\n<p>Julio Le\u00f3n Trujillo, titular de la Coordinaci\u00f3n Nacional de Becas para el Bienestar Benito Ju\u00e1rez, explic\u00f3 durante la ma\u00f1anera que los estudiantes de continuidad recibir\u00e1n el apoyo correspondiente a los dos primeros bimestres del a\u00f1o en un solo pago. Para los alumnos de bachillerato, esto significa un monto total de 3 mil 800 pesos, mientras que los universitarios percibir\u00e1n 11 mil 600 pesos.<\/p>\n<p>La raz\u00f3n de este pago doble fue un retraso administrativo en la dispersi\u00f3n correspondiente a febrero, originado durante el proceso de verificaci\u00f3n de la matr\u00edcula estudiantil por parte de los subsistemas educativos.<\/p>\n<h3>Calendarios de dispersi\u00f3n<\/h3>\n<p>La Coordinaci\u00f3n ya public\u00f3 los calendarios de pago para abril, los cuales se organizan seg\u00fan la primera letra del primer apellido del beneficiario. Para los programas de Beca Benito Ju\u00e1rez y J\u00f3venes Escribiendo el Futuro, los dep\u00f3sitos se realizar\u00e1n entre el 13 y el 24 de abril.<\/p>\n<p>Por otro lado, el programa Beca Rita Cetina para estudiantes de secundaria tiene su propio calendario, con fechas que van del 1 al 16 de abril. Tambi\u00e9n se mantiene activa la Beca Gertrudis Bocanegra para educaci\u00f3n superior en el estado de Michoac\u00e1n.<\/p>\n<h3>Compromiso con la educaci\u00f3n<\/h3>\n<p>Durante su participaci\u00f3n en &#8216;La Ma\u00f1anera del Pueblo&#8217;, el secretario de Educaci\u00f3n P\u00fablica, Mario Delgado Carrillo, enfatiz\u00f3 que el prop\u00f3sito de estos recursos es garantizar que las limitaciones econ\u00f3micas no sean un obst\u00e1culo para el aprendizaje y la formaci\u00f3n profesional de los j\u00f3venes mexicanos.<\/p>\n<p>Con estas acciones, la administraci\u00f3n federal reafirma su compromiso con el fortalecimiento de la educaci\u00f3n p\u00fablica, posicionando la inversi\u00f3n social como la base para construir una sociedad m\u00e1s justa y con mejores condiciones de vida desde las primeras etapas del desarrollo acad\u00e9mico.<\/p>\n","protected":false},"excerpt":{"rendered":"<p>Alumnos beneficiarios de los programas Beca Benito Ju\u00e1rez para educaci\u00f3n media superior y J\u00f3venes Escribiendo el Futuro para nivel superior recibir\u00e1n un dep\u00f3sito doble durante&hellip;<\/p>\n","protected":false},"author":2,"featured_media":765,"comment_status":"open","ping_status":"open","sticky":false,"template":"","format":"standard","meta":{"footnotes":""},"categories":[251],"tags":[674,672,675,309,673],"class_list":["post-764","post","type-post","status-publish","format-standard","has-post-thumbnail","hentry","category-la-mananera-en-breve","tag-apoyo-estudiantil","tag-becas-para-el-bienestar","tag-calendario-de-pagos","tag-educacion","tag-pago-doble"],"_links":{"self":[{"href":"https:\/\/eldiariorepublicamx.com\/index.php?rest_route=\/wp\/v2\/posts\/764","targetHints":{"allow":["GET"]}}],"collection":[{"href":"https:\/\/eldiariorepublicamx.com\/index.php?rest_route=\/wp\/v2\/posts"}],"about":[{"href":"https:\/\/eldiariorepublicamx.com\/index.php?rest_route=\/wp\/v2\/types\/post"}],"author":[{"embeddable":true,"href":"https:\/\/eldiariorepublicamx.com\/index.php?rest_route=\/wp\/v2\/users\/2"}],"replies":[{"embeddable":true,"href":"https:\/\/eldiariorepublicamx.com\/index.php?rest_route=%2Fwp%2Fv2%2Fcomments&post=764"}],"version-history":[{"count":0,"href":"https:\/\/eldiariorepublicamx.com\/index.php?rest_route=\/wp\/v2\/posts\/764\/revisions"}],"wp:featuredmedia":[{"embeddable":true,"href":"https:\/\/eldiariorepublicamx.com\/index.php?rest_route=\/wp\/v2\/media\/765"}],"wp:attachment":[{"href":"https:\/\/eldiariorepublicamx.com\/index.php?rest_route=%2Fwp%2Fv2%2Fmedia&parent=764"}],"wp:term":[{"taxonomy":"category","embeddable":true,"href":"https:\/\/eldiariorepublicamx.com\/index.php?rest_route=%2Fwp%2Fv2%2Fcategories&post=764"},{"taxonomy":"post_tag","embeddable":true,"href":"https:\/\/eldiariorepublicamx.com\/index.php?rest_route=%2Fwp%2Fv2%2Ftags&post=764"}],"curies":[{"name":"wp","href":"https:\/\/api.w.org\/{rel}","templated":true}]}}