{"id":756,"date":"2026-04-04T10:31:49","date_gmt":"2026-04-04T16:31:49","guid":{"rendered":"https:\/\/eldiariorepublicamx.com\/?p=756"},"modified":"2026-04-04T10:31:49","modified_gmt":"2026-04-04T16:31:49","slug":"programa-social-para-discapacitados-recibira-mas-de-37-mil-millones-de-pesos-en-el-proximo-ano","status":"publish","type":"post","link":"https:\/\/eldiariorepublicamx.com\/?p=756","title":{"rendered":"Programa social para discapacitados recibir\u00e1 m\u00e1s de 37 mil millones de pesos en el pr\u00f3ximo a\u00f1o"},"content":{"rendered":"<p>La Secretar\u00eda de Bienestar anunci\u00f3 este viernes que para el a\u00f1o 2026 se asignar\u00e1n 37 mil 452.7 millones de pesos a la Pensi\u00f3n para el Bienestar de las Personas con Discapacidad Permanente, un derecho constitucional que actualmente beneficia a 1.6 millones de personas en todo el pa\u00eds.<\/p>\n<h3>Prioridad gubernamental<\/h3>\n<p>La secretaria de Bienestar, Ariadna Montiel Reyes, hizo la declaraci\u00f3n durante la conmemoraci\u00f3n del D\u00eda Mundial de Concienciaci\u00f3n sobre el Autismo. Enfatiz\u00f3 que la atenci\u00f3n a este sector de la poblaci\u00f3n es una prioridad para la administraci\u00f3n federal.<\/p>\n<p>Montiel Reyes se\u00f1al\u00f3 que este apoyo econ\u00f3mico se complementa con el Programa Salud Casa por Casa, el cual realiza un seguimiento del estado de salud de las personas beneficiarias. Tambi\u00e9n defini\u00f3 al Trastorno del Espectro Autista como una forma distinta de percibir el mundo.<\/p>\n<h3>Cobertura y servicios adicionales<\/h3>\n<p>La funcionaria federal detall\u00f3 que en M\u00e9xico, 4.9 millones de personas con discapacidad reciben terapias de rehabilitaci\u00f3n sin costo alguno. De este total, m\u00e1s de 27 mil menores de edad son atendidos en los Centros de Rehabilitaci\u00f3n e Inclusi\u00f3n Telet\u00f3n (CRIT), que operan en 20 estados de la rep\u00fablica.<\/p>\n<p>Adem\u00e1s, explic\u00f3 que gracias a un Convenio de Universalizaci\u00f3n firmado entre el Gobierno Federal y los gobiernos estatales, la pensi\u00f3n se otorga a personas desde los 0 hasta los 64 a\u00f1os en 24 entidades del pa\u00eds. Este acuerdo establece que ambas partes contribuyen con el 50 por ciento del presupuesto requerido para este programa social.<\/p>\n","protected":false},"excerpt":{"rendered":"<p>La Secretar\u00eda de Bienestar anunci\u00f3 este viernes que para el a\u00f1o 2026 se asignar\u00e1n 37 mil 452.7 millones de pesos a la Pensi\u00f3n para el&hellip;<\/p>\n","protected":false},"author":2,"featured_media":757,"comment_status":"open","ping_status":"open","sticky":false,"template":"","format":"standard","meta":{"footnotes":""},"categories":[252,290],"tags":[262,661,107,662,103],"class_list":["post-756","post","type-post","status-publish","format-standard","has-post-thumbnail","hentry","category-agenda-nacional","category-sociedad-y-cultura","tag-ariadna-montiel","tag-bienestar","tag-discapacidad","tag-inversion-social","tag-pension"],"_links":{"self":[{"href":"https:\/\/eldiariorepublicamx.com\/index.php?rest_route=\/wp\/v2\/posts\/756","targetHints":{"allow":["GET"]}}],"collection":[{"href":"https:\/\/eldiariorepublicamx.com\/index.php?rest_route=\/wp\/v2\/posts"}],"about":[{"href":"https:\/\/eldiariorepublicamx.com\/index.php?rest_route=\/wp\/v2\/types\/post"}],"author":[{"embeddable":true,"href":"https:\/\/eldiariorepublicamx.com\/index.php?rest_route=\/wp\/v2\/users\/2"}],"replies":[{"embeddable":true,"href":"https:\/\/eldiariorepublicamx.com\/index.php?rest_route=%2Fwp%2Fv2%2Fcomments&post=756"}],"version-history":[{"count":0,"href":"https:\/\/eldiariorepublicamx.com\/index.php?rest_route=\/wp\/v2\/posts\/756\/revisions"}],"wp:featuredmedia":[{"embeddable":true,"href":"https:\/\/eldiariorepublicamx.com\/index.php?rest_route=\/wp\/v2\/media\/757"}],"wp:attachment":[{"href":"https:\/\/eldiariorepublicamx.com\/index.php?rest_route=%2Fwp%2Fv2%2Fmedia&parent=756"}],"wp:term":[{"taxonomy":"category","embeddable":true,"href":"https:\/\/eldiariorepublicamx.com\/index.php?rest_route=%2Fwp%2Fv2%2Fcategories&post=756"},{"taxonomy":"post_tag","embeddable":true,"href":"https:\/\/eldiariorepublicamx.com\/index.php?rest_route=%2Fwp%2Fv2%2Ftags&post=756"}],"curies":[{"name":"wp","href":"https:\/\/api.w.org\/{rel}","templated":true}]}}