{"id":754,"date":"2026-04-04T10:31:45","date_gmt":"2026-04-04T16:31:45","guid":{"rendered":"https:\/\/eldiariorepublicamx.com\/?p=754"},"modified":"2026-04-04T10:31:45","modified_gmt":"2026-04-04T16:31:45","slug":"ajustes-en-el-equipo-de-gobierno-de-la-presidenta-claudia-sheinbaum-a-lo-largo-de-su-administracion","status":"publish","type":"post","link":"https:\/\/eldiariorepublicamx.com\/?p=754","title":{"rendered":"Ajustes en el equipo de gobierno de la presidenta Claudia Sheinbaum a lo largo de su administraci\u00f3n"},"content":{"rendered":"<p>La gesti\u00f3n de la presidenta Claudia Sheinbaum ha experimentado diversos cambios en su gabinete y en puestos clave de la administraci\u00f3n p\u00fablica federal durante el primer a\u00f1o y medio de su mandato.<\/p>\n<h3>Relevos en \u00e1reas estrat\u00e9gicas<\/h3>\n<p>Los movimientos han afectado a secretar\u00edas y organismos fundamentales como Relaciones Exteriores, Hacienda, Migraci\u00f3n, Cultura y Seguridad, lo que refleja la intenci\u00f3n de la mandataria de consolidar su equipo ante los retos nacionales e internacionales.<\/p>\n<p>El cambio m\u00e1s reciente ocurri\u00f3 el 1 de abril de 2026, cuando Juan Ram\u00f3n de la Fuente dej\u00f3 el cargo de secretario de Relaciones Exteriores por motivos de salud, siendo sustituido por Roberto Velasco \u00c1lvarez, quien antes era subsecretario para Am\u00e9rica del Norte.<\/p>\n<h3>Cambios en materia econ\u00f3mica y de seguridad<\/h3>\n<p>En marzo de 2025, Rogelio Ram\u00edrez de la O renunci\u00f3 como secretario de Hacienda y Cr\u00e9dito P\u00fablico, por lo que la presidenta design\u00f3 a \u00c9dgar Amador Zamora para ocupar el puesto.<\/p>\n<p>En abril del mismo a\u00f1o, Sergio Salom\u00f3n tom\u00f3 la direcci\u00f3n del Instituto Nacional de Migraci\u00f3n en lugar de Francisco Gardu\u00f1o, quien fue reubicado en la Secretar\u00eda de Educaci\u00f3n P\u00fablica.<\/p>\n<p>Para fortalecer la prevenci\u00f3n del delito, en enero de 2026, Miguel Torruco Garza fue nombrado subsecretario de Prevenci\u00f3n de las Violencias dentro de la Secretar\u00eda de Seguridad y Protecci\u00f3n Ciudadana.<\/p>\n<h3>Ajustes en cultura, justicia y otros organismos<\/h3>\n<p>En el \u00e1mbito cultural, en julio de 2025, Omar V\u00e1zquez Herrera asumi\u00f3 como director del Instituto Nacional de Antropolog\u00eda e Historia, sucediendo a Diego Prieto Hern\u00e1ndez.<\/p>\n<p>Estela Dami\u00e1n Peralta se hizo cargo de la Consejer\u00eda Jur\u00eddica del Ejecutivo Federal en diciembre de 2025, luego de que Ernestina Godoy Ramos pasara a la Fiscal\u00eda General de la Rep\u00fablica.<\/p>\n<p>En agosto de 2025, Omar Reyes Colmenares reemplaz\u00f3 a Pablo G\u00f3mez \u00c1lvarez al frente de la Unidad de Inteligencia Financiera.<\/p>\n<p>Tambi\u00e9n se registraron cambios en Laboratorios de Biol\u00f3gicos y Reactivos de M\u00e9xico (Birmex) en abril de 2025, donde Carlos Ulloa sustituy\u00f3 a Iv\u00e1n de Jes\u00fas Olmos como director general.<\/p>\n<h3>Modernizaci\u00f3n administrativa y coordinaci\u00f3n legislativa<\/h3>\n<p>El 31 de marzo de 2026, H\u00e9ctor Alonso Romero Guti\u00e9rrez fue designado director de la Agencia Nacional de Aduanas de M\u00e9xico.<\/p>\n<p>En el \u00e1mbito legislativo, en febrero de 2026, Ad\u00e1n Augusto L\u00f3pez Hern\u00e1ndez dej\u00f3 la coordinaci\u00f3n del grupo parlamentario de Morena en el Senado para concentrarse en trabajo territorial, siendo relevado por Ignacio Mier Velazco, quien tambi\u00e9n asumi\u00f3 la presidencia de la Junta de Coordinaci\u00f3n Pol\u00edtica.<\/p>\n","protected":false},"excerpt":{"rendered":"<p>La gesti\u00f3n de la presidenta Claudia Sheinbaum ha experimentado diversos cambios en su gabinete y en puestos clave de la administraci\u00f3n p\u00fablica federal durante el&hellip;<\/p>\n","protected":false},"author":2,"featured_media":755,"comment_status":"open","ping_status":"open","sticky":false,"template":"","format":"standard","meta":{"footnotes":""},"categories":[252],"tags":[660,657,659,658,288],"class_list":["post-754","post","type-post","status-publish","format-standard","has-post-thumbnail","hentry","category-agenda-nacional","tag-administracion","tag-gabinete","tag-relevos","tag-renuncias","tag-sheinbaum"],"_links":{"self":[{"href":"https:\/\/eldiariorepublicamx.com\/index.php?rest_route=\/wp\/v2\/posts\/754","targetHints":{"allow":["GET"]}}],"collection":[{"href":"https:\/\/eldiariorepublicamx.com\/index.php?rest_route=\/wp\/v2\/posts"}],"about":[{"href":"https:\/\/eldiariorepublicamx.com\/index.php?rest_route=\/wp\/v2\/types\/post"}],"author":[{"embeddable":true,"href":"https:\/\/eldiariorepublicamx.com\/index.php?rest_route=\/wp\/v2\/users\/2"}],"replies":[{"embeddable":true,"href":"https:\/\/eldiariorepublicamx.com\/index.php?rest_route=%2Fwp%2Fv2%2Fcomments&post=754"}],"version-history":[{"count":0,"href":"https:\/\/eldiariorepublicamx.com\/index.php?rest_route=\/wp\/v2\/posts\/754\/revisions"}],"wp:featuredmedia":[{"embeddable":true,"href":"https:\/\/eldiariorepublicamx.com\/index.php?rest_route=\/wp\/v2\/media\/755"}],"wp:attachment":[{"href":"https:\/\/eldiariorepublicamx.com\/index.php?rest_route=%2Fwp%2Fv2%2Fmedia&parent=754"}],"wp:term":[{"taxonomy":"category","embeddable":true,"href":"https:\/\/eldiariorepublicamx.com\/index.php?rest_route=%2Fwp%2Fv2%2Fcategories&post=754"},{"taxonomy":"post_tag","embeddable":true,"href":"https:\/\/eldiariorepublicamx.com\/index.php?rest_route=%2Fwp%2Fv2%2Ftags&post=754"}],"curies":[{"name":"wp","href":"https:\/\/api.w.org\/{rel}","templated":true}]}}