{"id":749,"date":"2026-04-03T18:55:36","date_gmt":"2026-04-04T00:55:36","guid":{"rendered":"https:\/\/eldiariorepublicamx.com\/?p=749"},"modified":"2026-04-03T18:55:36","modified_gmt":"2026-04-04T00:55:36","slug":"veracruz-lidera-el-turismo-en-mexico-esta-semana-santa-ocupacion-hotelera-record-bajo-el-gobierno-de-claudia-sheinbaum","status":"publish","type":"post","link":"https:\/\/eldiariorepublicamx.com\/?p=749","title":{"rendered":"Veracruz lidera el turismo en M\u00e9xico esta Semana Santa: ocupaci\u00f3n hotelera r\u00e9cord bajo el gobierno de Claudia Sheinbaum"},"content":{"rendered":"\n<p>Esta <strong>Semana Santa 2026<\/strong>, Veracruz se convirti\u00f3 en el destino que est\u00e1 marcando la diferencia. Bajo el gobierno de la presidenta Claudia Sheinbaum, el estado registr\u00f3 una <strong>ocupaci\u00f3n hotelera del 80.58%<\/strong>, 3.59 puntos porcentuales por encima del mismo periodo del a\u00f1o anterior.<\/p>\n\n\n\n<h3 class=\"wp-block-heading\"><strong>\u00bfPor qu\u00e9 Veracruz es el destino estrella de Semana Santa 2026?<\/strong><\/h3>\n\n\n\n<p>Destinos como Tecolutla-Nautla alcanzaron el 86.94% de ocupaci\u00f3n, Orizaba super\u00f3 el 90% y regiones como Los Tuxtlas y la zona Totonaca se mantuvieron por arriba del 84%.<\/p>\n\n\n\n<p>Sus ocho <strong>Pueblos M\u00e1gicos de Veracruz<\/strong> \u2014Papantla, Zozocolco, Xico, Naolinco, Coatepec, Coscomatepec, C\u00f3rdoba y Orizaba\u2014 y sus playas abiertas recibieron a miles de familias con opciones para todos los gustos y presupuestos.<\/p>\n\n\n\n<p>Para quienes buscan aventura, Veracruz ofrece rafting en Jalcomulco, senderismo en el Pico de Orizaba y el Cofre de Perote, adem\u00e1s de eventos como el PapalotlFest, el Festival de la Nieve y el Gran Bailazo de Semana Santa.<\/p>\n\n\n\n<h3 class=\"wp-block-heading\"><strong>El turismo en M\u00e9xico crece y Veracruz lidera<\/strong><\/h3>\n\n\n\n<p>La Secretar\u00eda de Turismo proyecta la llegada de <strong>4.03 millones de turistas<\/strong>, un incremento del 2.6% respecto a 2025.<\/p>\n\n\n\n<p>El <strong>turismo religioso en M\u00e9xico<\/strong> moviliza cada a\u00f1o a 40 millones de personas y genera una derrama de 25 mil millones de pesos.<\/p>\n\n\n\n<p>La visi\u00f3n del gobierno federal coloca al turismo como motor de desarrollo, y <strong>Veracruz destaca como uno de los destinos clave<\/strong> esta temporada.<\/p>\n\n\n\n<h3 class=\"wp-block-heading\"><strong>Veracruz te espera esta Semana Santa 2026<\/strong><\/h3>\n\n\n\n<p>Las playas est\u00e1n abiertas y la oferta tur\u00edstica lista.<\/p>\n\n\n\n<p>\u00bfYa tienes pensado tu pr\u00f3xima escapada?<\/p>\n","protected":false},"excerpt":{"rendered":"<p>Esta Semana Santa 2026, Veracruz se convirti\u00f3 en el destino que est\u00e1 marcando la diferencia. Bajo el gobierno de la presidenta Claudia Sheinbaum, el estado&hellip;<\/p>\n","protected":false},"author":5,"featured_media":750,"comment_status":"open","ping_status":"open","sticky":false,"template":"","format":"standard","meta":{"footnotes":""},"categories":[52,290],"tags":[13,404,45,18],"class_list":["post-749","post","type-post","status-publish","format-standard","has-post-thumbnail","hentry","category-economia","category-sociedad-y-cultura","tag-claudia-sheinbaum","tag-mananera","tag-mexico","tag-morena"],"_links":{"self":[{"href":"https:\/\/eldiariorepublicamx.com\/index.php?rest_route=\/wp\/v2\/posts\/749","targetHints":{"allow":["GET"]}}],"collection":[{"href":"https:\/\/eldiariorepublicamx.com\/index.php?rest_route=\/wp\/v2\/posts"}],"about":[{"href":"https:\/\/eldiariorepublicamx.com\/index.php?rest_route=\/wp\/v2\/types\/post"}],"author":[{"embeddable":true,"href":"https:\/\/eldiariorepublicamx.com\/index.php?rest_route=\/wp\/v2\/users\/5"}],"replies":[{"embeddable":true,"href":"https:\/\/eldiariorepublicamx.com\/index.php?rest_route=%2Fwp%2Fv2%2Fcomments&post=749"}],"version-history":[{"count":1,"href":"https:\/\/eldiariorepublicamx.com\/index.php?rest_route=\/wp\/v2\/posts\/749\/revisions"}],"predecessor-version":[{"id":751,"href":"https:\/\/eldiariorepublicamx.com\/index.php?rest_route=\/wp\/v2\/posts\/749\/revisions\/751"}],"wp:featuredmedia":[{"embeddable":true,"href":"https:\/\/eldiariorepublicamx.com\/index.php?rest_route=\/wp\/v2\/media\/750"}],"wp:attachment":[{"href":"https:\/\/eldiariorepublicamx.com\/index.php?rest_route=%2Fwp%2Fv2%2Fmedia&parent=749"}],"wp:term":[{"taxonomy":"category","embeddable":true,"href":"https:\/\/eldiariorepublicamx.com\/index.php?rest_route=%2Fwp%2Fv2%2Fcategories&post=749"},{"taxonomy":"post_tag","embeddable":true,"href":"https:\/\/eldiariorepublicamx.com\/index.php?rest_route=%2Fwp%2Fv2%2Ftags&post=749"}],"curies":[{"name":"wp","href":"https:\/\/api.w.org\/{rel}","templated":true}]}}